{"id":996,"date":"2006-03-01T15:16:26","date_gmt":"2006-03-01T14:16:26","guid":{"rendered":"http:\/\/heijbel.wordpress.com\/2006\/03\/01\/storyn-ska-gora-ett-jobb"},"modified":"2006-03-01T15:16:26","modified_gmt":"2006-03-01T14:16:26","slug":"storyn-ska-gora-ett-jobb","status":"publish","type":"post","link":"https:\/\/storytellers.se\/?p=996","title":{"rendered":"Storyn ska g\u00f6ra ett jobb"},"content":{"rendered":"<p>Vi vill att storyn ska framf\u00f6ra det och det. S\u00e5 l\u00e5ter det ofta n\u00e4r jag diskuterar med mina uppdragsgivare. Man vill att storyn ska informera om n\u00e5got viktigt, kanske om f\u00f6retagets h\u00e5llning i en viss v\u00e4rderingsfr\u00e5ga. Men storytelling som metod \u00e4r mer raffinerad \u00e4n att bara informera.<\/p>\n<p><!--more--><br \/>\nJag brukar s\u00e4ga att detta \u00e4r ingen instruktion, rapport eller artikel. Storyn ska faktiskt g\u00f6ra ett storyjobb. Den ska leta sig fram till mottagaren och i m\u00f6tet med honom eller henne ska det h\u00e4nda n\u00e5gonting. Lyssnarna kan reagera olika men de \u00e4r med p\u00e5 en dramaturgisk resa som ber\u00e4ttelsen styr.<br \/>\nTill skillnad fr\u00e5n en logisk faktanotis eller rapport s\u00e5 ska storyn m\u00e5la en bild som v\u00e4cker tankar, associationer och k\u00e4nslor hos var och en som h\u00f6r den. Den vet allts\u00e5 vilket jobb den \u00e4r satt att g\u00f6ra.<br \/>\nDet \u00e4r d\u00e4rf\u00f6r dramaturgin \u00e4r annorlunda i en story \u00e4n i en journalistisk, ekonomisk, juridisk eller vetenskaplig text. Den \u00e4r inte ute efter att besvara raka fr\u00e5gor som vem, vad, n\u00e4r, hur och varf\u00f6r. Den skissar snarare en scen eller en h\u00e4ndelse som f\u00e5r lyssnaren att reagera, associera, minnas och diskutera.<br \/>\nJag brukar direkt varna f\u00f6r att man riskerar att \u00f6verlasta storyn om man l\u00e4gger in datum, \u00e5rtal, namn, titlar, artigheter och f\u00f6rklarande fakta. Runda av ber\u00e4ttandet i st\u00e4llet. Typ:<br \/>\n..de var f\u00f6r n\u00e5gra \u00e5r sen i fikarummet p\u00e5 ett av v\u00e5ra kontor i sydsverige. En av v\u00e5ra s\u00e4ljare kom in i rummet och alla m\u00e4rkte direkt att det hade h\u00e4nt henne n\u00e5gonting&#8230;hon slog upp en mugg kaffe ur en av de stora presstermosarna och tog ett par kakor ur kakpaketet. Sen gick hon med best\u00e4mda steg och satte sig vid bordet&#8230;<br \/>\nL\u00e4gg m\u00e4rke till att h\u00e4r finns ingen ort, inget namn, inget \u00e5rtal. Storyn m\u00e5lar helt enkelt upp en scen d\u00e4r det snart ska h\u00e4nda n\u00e5got. Lyssnaren ser och fyller sj\u00e4lv p\u00e5 med egna bilder, minnen och associationer.<br \/>\nSen \u00e4r det bara att n\u00e4rma sig sj\u00e4lva po\u00e4ngen. Lyssnaren \u00e4r redan p\u00e5 &#8211; tack vare det dramaturgiska greppet som samspelar med lyssnarens egna erfarenheter och referenser.<\/p>\n","protected":false},"excerpt":{"rendered":"<p>Vi vill att storyn ska framf\u00f6ra det och det. S\u00e5 l\u00e5ter det ofta n\u00e4r jag diskuterar med mina uppdragsgivare. Man vill att storyn ska informera om n\u00e5got viktigt, kanske om f\u00f6retagets h\u00e5llning i en viss v\u00e4rderingsfr\u00e5ga. Men storytelling som metod \u00e4r mer raffinerad \u00e4n att bara informera.<\/p>\n","protected":false},"author":2,"featured_media":0,"comment_status":"open","ping_status":"closed","sticky":false,"template":"","format":"standard","meta":[],"categories":[2],"tags":[],"_links":{"self":[{"href":"https:\/\/storytellers.se\/index.php?rest_route=\/wp\/v2\/posts\/996"}],"collection":[{"href":"https:\/\/storytellers.se\/index.php?rest_route=\/wp\/v2\/posts"}],"about":[{"href":"https:\/\/storytellers.se\/index.php?rest_route=\/wp\/v2\/types\/post"}],"author":[{"embeddable":true,"href":"https:\/\/storytellers.se\/index.php?rest_route=\/wp\/v2\/users\/2"}],"replies":[{"embeddable":true,"href":"https:\/\/storytellers.se\/index.php?rest_route=%2Fwp%2Fv2%2Fcomments&post=996"}],"version-history":[{"count":0,"href":"https:\/\/storytellers.se\/index.php?rest_route=\/wp\/v2\/posts\/996\/revisions"}],"wp:attachment":[{"href":"https:\/\/storytellers.se\/index.php?rest_route=%2Fwp%2Fv2%2Fmedia&parent=996"}],"wp:term":[{"taxonomy":"category","embeddable":true,"href":"https:\/\/storytellers.se\/index.php?rest_route=%2Fwp%2Fv2%2Fcategories&post=996"},{"taxonomy":"post_tag","embeddable":true,"href":"https:\/\/storytellers.se\/index.php?rest_route=%2Fwp%2Fv2%2Ftags&post=996"}],"curies":[{"name":"wp","href":"https:\/\/api.w.org\/{rel}","templated":true}]}}