{"id":994,"date":"2006-02-28T10:03:27","date_gmt":"2006-02-28T09:03:27","guid":{"rendered":"http:\/\/heijbel.wordpress.com\/2006\/02\/28\/stories-eller-fakta"},"modified":"2006-02-28T10:03:27","modified_gmt":"2006-02-28T09:03:27","slug":"stories-eller-fakta","status":"publish","type":"post","link":"https:\/\/storytellers.se\/?p=994","title":{"rendered":"Stories eller fakta?"},"content":{"rendered":"<p>Fr\u00e5ga:<br \/>\nOm jag som ledare ska ber\u00e4tta om v\u00e5r verksamhet f\u00f6r en publik och har l\u00e5t oss s\u00e4ga 20 minuter p\u00e5 mig. Ska jag d\u00e5 anv\u00e4nda tiden till stories eller till siffror, statistik och andra fakta?<\/p>\n<p><!--more--><br \/>\nSvar:<br \/>\nSom du f\u00f6rst\u00e5r svarar jag stories. Siffror och fakta har du ju redan p\u00e5 webben och i \u00e5rsber\u00e4ttelsen. De \u00e4r f\u00f6rst\u00e5s en viktig och lagstadgad spegling av det kapital du arbetar med och hur det anv\u00e4nds.<br \/>\nVi tillh\u00f6r f\u00f6rmodligen v\u00e4rldseliten p\u00e5 sifferarenan och den \u00e4r viktig och ska f\u00f6rst\u00e5s finnas f\u00f6r den som s\u00f6ker den. Men h\u00e4r talar vi allts\u00e5 om det narrativa kapitalet.<br \/>\nBer\u00e4ttelserna \u00e4r ocks\u00e5 ett kapital. Jag tycker d\u00e4rf\u00f6r att ett l\u00e4mpligt svar \u00e4r att du kan \u00e4gna dina 20 minuter till att plantera ett par bra ber\u00e4ttelser hos lyssnarna. Dina egna medarbetare kan d\u00e5 bli traditionsb\u00e4rare av dessa ber\u00e4ttelser och externa intressenter kan bli era ambassad\u00f6rer.<br \/>\nTycker du det k\u00e4nns sv\u00e5rt s\u00e5 ta hj\u00e4lp av en som begriper sig p\u00e5 Corporate Storytelling och hur man ber\u00e4ttar.<br \/>\nEtt starkt varum\u00e4rke byggs bland annat av starka ber\u00e4ttelser om verksamheten. Corporate Storytelling befolkar varum\u00e4rket med verkligheten. Ber\u00e4ttelserna inneb\u00e4r d\u00e4rmed ett l\u00f6fte och samtidigt en utmaning f\u00f6r de inblandade att leva sitt varum\u00e4rke.<br \/>\nVarorna och tj\u00e4nsterna, ackompanjerade av ber\u00e4ttelserna, g\u00f6r er verksamhet synlig.<br \/>\nSatsa allts\u00e5 p\u00e5 att f\u00e5 lyssnarna att komma ih\u00e5g ett par viktiga ber\u00e4ttelser och l\u00e4mna sen en sifferpresentation p\u00e5 bordet och p\u00e5 webben f\u00f6r dem som vill ha full koll ocks\u00e5 p\u00e5 siffror- och statistik f\u00f6r att k\u00e4nna sig n\u00f6jda och trygga.<br \/>\nH\u00f6gl\u00e4sning fr\u00e5n abstraherade power pointade siffersammanst\u00e4llningar och diagram \u00e4r sl\u00f6seri med dina &#8211; och lyssnarnas &#8211; 20 minuter.<\/p>\n","protected":false},"excerpt":{"rendered":"<p>Fr\u00e5ga: Om jag som ledare ska ber\u00e4tta om v\u00e5r verksamhet f\u00f6r en publik och har l\u00e5t oss s\u00e4ga 20 minuter p\u00e5 mig. Ska jag d\u00e5 anv\u00e4nda tiden till stories eller till siffror, statistik och andra fakta?<\/p>\n","protected":false},"author":2,"featured_media":0,"comment_status":"open","ping_status":"closed","sticky":false,"template":"","format":"standard","meta":[],"categories":[6],"tags":[],"_links":{"self":[{"href":"https:\/\/storytellers.se\/index.php?rest_route=\/wp\/v2\/posts\/994"}],"collection":[{"href":"https:\/\/storytellers.se\/index.php?rest_route=\/wp\/v2\/posts"}],"about":[{"href":"https:\/\/storytellers.se\/index.php?rest_route=\/wp\/v2\/types\/post"}],"author":[{"embeddable":true,"href":"https:\/\/storytellers.se\/index.php?rest_route=\/wp\/v2\/users\/2"}],"replies":[{"embeddable":true,"href":"https:\/\/storytellers.se\/index.php?rest_route=%2Fwp%2Fv2%2Fcomments&post=994"}],"version-history":[{"count":0,"href":"https:\/\/storytellers.se\/index.php?rest_route=\/wp\/v2\/posts\/994\/revisions"}],"wp:attachment":[{"href":"https:\/\/storytellers.se\/index.php?rest_route=%2Fwp%2Fv2%2Fmedia&parent=994"}],"wp:term":[{"taxonomy":"category","embeddable":true,"href":"https:\/\/storytellers.se\/index.php?rest_route=%2Fwp%2Fv2%2Fcategories&post=994"},{"taxonomy":"post_tag","embeddable":true,"href":"https:\/\/storytellers.se\/index.php?rest_route=%2Fwp%2Fv2%2Ftags&post=994"}],"curies":[{"name":"wp","href":"https:\/\/api.w.org\/{rel}","templated":true}]}}