{"id":992,"date":"2006-02-27T10:46:02","date_gmt":"2006-02-27T09:46:02","guid":{"rendered":"http:\/\/heijbel.wordpress.com\/2006\/02\/27\/passageriter-i-organisationer"},"modified":"2006-02-27T10:46:02","modified_gmt":"2006-02-27T09:46:02","slug":"passageriter-i-organisationer","status":"publish","type":"post","link":"https:\/\/storytellers.se\/?p=992","title":{"rendered":"Passageriter i organisationer"},"content":{"rendered":"<p>Inom socialantropologin talar man om passageriter. Det brukar d\u00e5 handla om riter n\u00e4r personer g\u00e5r fr\u00e5n det ena sociala tillst\u00e5ndet till det andra. Det kan vara dopritualer, konfirmationer, br\u00f6llop och begravningar. Det h\u00e4r kan man ta vara p\u00e5 ocks\u00e5 i f\u00f6retag och organisationer.<\/p>\n<p><!--more--><br \/>\nN\u00e4r man avslutar det ena och g\u00e5r in i det andra s\u00e5 \u00e4r det tv\u00e5 viktiga faser som str\u00e4cker sig efter varandra. Det kan handla om att man byter lokaler, system i datorerna, maskiner fordonspark eller liknande.<br \/>\nOm m\u00e4nniskor har arbetat en stor del av sin vakna tid, kanske i \u00e5rtionden, vid en speciell maskin s\u00e5 \u00e4r avslutandet ofta starkt k\u00e4nslom\u00e4ssigt. D\u00e5 b\u00f6r man ta vara p\u00e5 tillf\u00e4llet och energin f\u00f6r att f\u00f6rbereda medarbetarna och organisationen f\u00f6r framtiden. Man kan se detta i termer av en passagerit.<br \/>\nCorporate Storytelling kan d\u00e5 vara ett anv\u00e4ndbart verktyg och perspektiv. Rigga g\u00e4rna en rit och ber\u00e4tta sedan om det hela i storyformat f\u00f6r att kunna visa viktiga v\u00e4rderingar och \u00f6verf\u00f6ra kunskap och stimulera f\u00f6r\u00e4ndringsvilja.<br \/>\nEtt missat s\u00e5dant tillf\u00e4lle kan resultera i on\u00f6digt passivt motst\u00e5nd och l\u00e5g f\u00f6rst\u00e5else inf\u00f6r vad som h\u00e4nder i organisationen. Det \u00e4r i s\u00e5dana h\u00e4r sammanhang som organisationer kan beh\u00f6va en st\u00e4ndigt uppm\u00e4rksam Corporate Storyteller.<br \/>\nInom n\u00e5gra \u00e5r tror jag att m\u00e5nga organisationer kommer att h\u00e5lla sig med storyansvariga som ser det h\u00e4r.<\/p>\n","protected":false},"excerpt":{"rendered":"<p>Inom socialantropologin talar man om passageriter. Det brukar d\u00e5 handla om riter n\u00e4r personer g\u00e5r fr\u00e5n det ena sociala tillst\u00e5ndet till det andra. Det kan vara dopritualer, konfirmationer, br\u00f6llop och begravningar. Det h\u00e4r kan man ta vara p\u00e5 ocks\u00e5 i f\u00f6retag och organisationer.<\/p>\n","protected":false},"author":2,"featured_media":0,"comment_status":"open","ping_status":"closed","sticky":false,"template":"","format":"standard","meta":[],"categories":[2],"tags":[],"_links":{"self":[{"href":"https:\/\/storytellers.se\/index.php?rest_route=\/wp\/v2\/posts\/992"}],"collection":[{"href":"https:\/\/storytellers.se\/index.php?rest_route=\/wp\/v2\/posts"}],"about":[{"href":"https:\/\/storytellers.se\/index.php?rest_route=\/wp\/v2\/types\/post"}],"author":[{"embeddable":true,"href":"https:\/\/storytellers.se\/index.php?rest_route=\/wp\/v2\/users\/2"}],"replies":[{"embeddable":true,"href":"https:\/\/storytellers.se\/index.php?rest_route=%2Fwp%2Fv2%2Fcomments&post=992"}],"version-history":[{"count":0,"href":"https:\/\/storytellers.se\/index.php?rest_route=\/wp\/v2\/posts\/992\/revisions"}],"wp:attachment":[{"href":"https:\/\/storytellers.se\/index.php?rest_route=%2Fwp%2Fv2%2Fmedia&parent=992"}],"wp:term":[{"taxonomy":"category","embeddable":true,"href":"https:\/\/storytellers.se\/index.php?rest_route=%2Fwp%2Fv2%2Fcategories&post=992"},{"taxonomy":"post_tag","embeddable":true,"href":"https:\/\/storytellers.se\/index.php?rest_route=%2Fwp%2Fv2%2Ftags&post=992"}],"curies":[{"name":"wp","href":"https:\/\/api.w.org\/{rel}","templated":true}]}}