{"id":986,"date":"2006-02-14T18:31:43","date_gmt":"2006-02-14T17:31:43","guid":{"rendered":"http:\/\/heijbel.wordpress.com\/2006\/02\/14\/pa-posten-ab"},"modified":"2006-02-14T18:31:43","modified_gmt":"2006-02-14T17:31:43","slug":"pa-posten-ab","status":"publish","type":"post","link":"https:\/\/storytellers.se\/?p=986","title":{"rendered":"P\u00e5 Posten AB"},"content":{"rendered":"<p>Den 22 februari ska jag, Matts Heijbel, h\u00e5lla ett storytellingseminarium f\u00f6r Postens centrala personalavdelning under rubriken: Ber\u00e4ttelsen som kraft &#8211; lite fakta om storytelling som metod. Posten har 36.000 anst\u00e4llda.<\/p>\n","protected":false},"excerpt":{"rendered":"<p>Den 22 februari ska jag, Matts Heijbel, h\u00e5lla ett storytellingseminarium f\u00f6r Postens centrala personalavdelning under rubriken: Ber\u00e4ttelsen som kraft &#8211; lite fakta om storytelling som metod. Posten har 36.000 anst\u00e4llda.<\/p>\n","protected":false},"author":2,"featured_media":0,"comment_status":"open","ping_status":"closed","sticky":false,"template":"","format":"standard","meta":[],"categories":[9],"tags":[],"_links":{"self":[{"href":"https:\/\/storytellers.se\/index.php?rest_route=\/wp\/v2\/posts\/986"}],"collection":[{"href":"https:\/\/storytellers.se\/index.php?rest_route=\/wp\/v2\/posts"}],"about":[{"href":"https:\/\/storytellers.se\/index.php?rest_route=\/wp\/v2\/types\/post"}],"author":[{"embeddable":true,"href":"https:\/\/storytellers.se\/index.php?rest_route=\/wp\/v2\/users\/2"}],"replies":[{"embeddable":true,"href":"https:\/\/storytellers.se\/index.php?rest_route=%2Fwp%2Fv2%2Fcomments&post=986"}],"version-history":[{"count":0,"href":"https:\/\/storytellers.se\/index.php?rest_route=\/wp\/v2\/posts\/986\/revisions"}],"wp:attachment":[{"href":"https:\/\/storytellers.se\/index.php?rest_route=%2Fwp%2Fv2%2Fmedia&parent=986"}],"wp:term":[{"taxonomy":"category","embeddable":true,"href":"https:\/\/storytellers.se\/index.php?rest_route=%2Fwp%2Fv2%2Fcategories&post=986"},{"taxonomy":"post_tag","embeddable":true,"href":"https:\/\/storytellers.se\/index.php?rest_route=%2Fwp%2Fv2%2Ftags&post=986"}],"curies":[{"name":"wp","href":"https:\/\/api.w.org\/{rel}","templated":true}]}}