{"id":982,"date":"2006-02-10T17:44:32","date_gmt":"2006-02-10T16:44:32","guid":{"rendered":"http:\/\/heijbel.wordpress.com\/2006\/02\/10\/nyhetsbrev-14-trygg-forlossning"},"modified":"2006-02-10T17:44:32","modified_gmt":"2006-02-10T16:44:32","slug":"nyhetsbrev-14-trygg-forlossning","status":"publish","type":"post","link":"https:\/\/storytellers.se\/?p=982","title":{"rendered":"Nyhetsbrev 14: Trygg f\u00f6rlossning"},"content":{"rendered":"<p>Nyhetsbrev 14 ber\u00e4ttar bland annat en V\u00e4gverksstory. Nyhetsbrevet skickades i dag ut till n\u00e4rmare 700 prenumeranter. M\u00e4nniskor som f\u00f6ljer utvecklingen av Corporate Storytelling i Sverige. Vill du bli prenumerant. Anm\u00e4l dig i s\u00e5 fall i h\u00f6gerspalten en bit ner h\u00e4r p\u00e5 sidan.<br \/>\nDet aktuella brevet kan du l\u00e4sa h\u00e4r under:<\/p>\n<p><!--more--><br \/>\nDet var n\u00e5gra \u00e5r sen uppe i Norrbotten, norr om<br \/>\npolcirkeln. Ute i m\u00f6rkret tj\u00f6t den v\u00e4rsta vinterstormen p\u00e5<br \/>\n\u00e5r och dag.<br \/>\nI ett ensligt bel\u00e4get hus n\u00e5gon mil fr\u00e5n Torne\u00e4lven<br \/>\nbodde ett ungt par som v\u00e4ntade sitt f\u00f6rsta barn inom<br \/>\nn\u00e5gra veckor.<br \/>\nV\u00e4garna drev igen och det tj\u00f6t i skogen. M\u00e4nniskor h\u00f6ll<br \/>\nsig hemma. I radion varnade r\u00e4ddningstj\u00e4nsten bilister<br \/>\nf\u00f6r att ge sig ut.<br \/>\nDe tv\u00e5 unga gravida lyssnade p\u00e5 musik och drack en<br \/>\nkopp te vid den \u00f6ppna elden. De gick sen och la sig<br \/>\nunder varma dunt\u00e4cken, sl\u00e4ckte lampan, h\u00f6ll varandra i<br \/>\nhanden och somnade tryggt  medan sn\u00f6n tornade upp<br \/>\nmot den v\u00e4stra gaveln p\u00e5 huset.<br \/>\nEfter midnatt vaknade den unga kvinnan och k\u00e4nde<br \/>\ndirekt att nu var det dags. Hon v\u00e4ckte sin sambo och sa<br \/>\nsom det var.<br \/>\nJag tror barnet kommer nu&#8230;<br \/>\nHan studsade upp ur s\u00e4ngen, hoppade i byxorna och<br \/>\nrusade fl\u00e5sande ut till carporten. Det var som han<br \/>\ntrodde. De var insn\u00f6ade i stormen. Och det var 12 mil<br \/>\ntill f\u00f6rlossningen i Kiruna.<br \/>\nVad g\u00f6r han?<br \/>\nHan t\u00e4nker plogbil, ringer V\u00e4gverket och s\u00e4ger fl\u00e4mtande:<br \/>\nNi m\u00e5ste komma. Ploga ut oss och ploga fram oss till<br \/>\nBB. Min tjej ska ha barn.<br \/>\nSnart var den gula V\u00e4gverksbilen d\u00e5nande p\u00e5 v\u00e4g till<br \/>\nparet genom den m\u00f6rka natten. Plogen kl\u00f6v drivorna<br \/>\noch V\u00e4gverksbilen \u00e5t kilometer efter kilometer med<br \/>\ndieselmotorn p\u00e5 h\u00f6gvarv.<br \/>\nUnder tiden hade den unge mannen skottat fram och<br \/>\nv\u00e4rmt upp sin Volvo 240. Plogbilen stannade till och f\u00f6r<br \/>\nen minut blev natten n\u00e4stan lugn och stilla. Stormen<br \/>\nh\u00e4mtade andan.<br \/>\nFem minuter senare \u00e5kte de b\u00e5da bilarna i h\u00f6g fart p\u00e5<br \/>\nden igenyrda v\u00e4gen mot Kiruna. V\u00e4gverkets plogbil f\u00f6rst<br \/>\nmed alla helljusen p\u00e5. Paret i sin Volvo 240 efter med<br \/>\nv\u00e4rmefl\u00e4kten p\u00e5 h\u00f6gsta fart. Plogbilen tvingade bort<br \/>\nvinterstormens sn\u00f6 som tycktes resa sig som en gr\u00e5vit<br \/>\nv\u00e4gg framf\u00f6r dem i natten.<br \/>\nEfter n\u00e5gra timmar var de framme vid Kiruna BB.<br \/>\nPlogbilens motor doftade dieselvarm och<br \/>\nsjukhuspersonalen tog hand om paret.<br \/>\nI gryningen f\u00f6ddes en lite v\u00e4lskapt pojke.<br \/>\nN\u00e5gra dagar sedan stod annonsen i Norrl\u00e4ndska<br \/>\nsocialdemokraten.<br \/>\nV\u00e5r fine lille pojke f\u00f6ddes p\u00e5 Kiruna BB. Tack<br \/>\npersonalen p\u00e5 BB. Tack V\u00e4gverket!<br \/>\n++++++++++++++++++++++++++++++++++++++++++<br \/>\nDet \u00e4r en sann och mysig liten V\u00e4gverksstory som jag<br \/>\nsamlat under en p\u00e5g\u00e5ende resa i V\u00e4gverkslandet.<br \/>\nDen och m\u00e5nga andra ber\u00e4ttelser ska bygga upp en<br \/>\nrepertoar av V\u00e4gverksstories som ska kunna anv\u00e4ndas<br \/>\nbland annat f\u00f6r att befolka varum\u00e4rket, underl\u00e4tta<br \/>\nrekryteringen och st\u00e4rka v\u00e4gverkskulturen n\u00e4r man tar<br \/>\nsteget fr\u00e5n regelstyrd myndighet till kundorienterad<br \/>\npartner.<br \/>\n++++++++++++++++++++++++++++++++++++<br \/>\nJag har nyligen deltagit i en konferns som hette<br \/>\nStrategiska och v\u00e4rdeskapande HR-processer. Min<br \/>\nrubrik var: Att g\u00f6ra v\u00e4rderingar synliga genom<br \/>\nCorporate Storytelling.<br \/>\nI v\u00e5r \u00e4r det dags f\u00f6r en Corporate Storytellingkonferens<br \/>\np\u00e5 en och en halv dag i Stockholm. Jag \u00e4r moderator<br \/>\nmen ocks\u00e5 f\u00f6rel\u00e4sare. L\u00e4s om den konferensen och<br \/>\nandra storynyheter och storyfunderingar p\u00e5<br \/>\nwww.storytellers.se<br \/>\n++++++++++++++++++++++++++++++++++++<br \/>\nJag som skriver det h\u00e4r nyhetsbrevet heter Matts<br \/>\nHeijbel och ansvarar f\u00f6r www.storytellers.se den enda<br \/>\nCorporate Storytellingsajten i Sverige.<br \/>\nDu som f\u00e5r nyhetsbrevet har bett att f\u00e5 det eller s\u00e5 har<br \/>\ndu deltagit i n\u00e5got av mina seminarier eller s\u00e5 k\u00e4nner<br \/>\ndu mig helt enkelt personligen.<br \/>\nVill du inte ha fler nyhetsbrev fr\u00e5n storytellers s\u00e5 skriv<br \/>\nnej tack till nyhetsbrev@storytellers.se<br \/>\nStockholm 10 februari 2006<\/p>\n","protected":false},"excerpt":{"rendered":"<p>Nyhetsbrev 14 ber\u00e4ttar bland annat en V\u00e4gverksstory. Nyhetsbrevet skickades i dag ut till n\u00e4rmare 700 prenumeranter. M\u00e4nniskor som f\u00f6ljer utvecklingen av Corporate Storytelling i Sverige. Vill du bli prenumerant. Anm\u00e4l dig i s\u00e5 fall i h\u00f6gerspalten en bit ner h\u00e4r p\u00e5 sidan. Det aktuella brevet kan du l\u00e4sa h\u00e4r under:<\/p>\n","protected":false},"author":2,"featured_media":0,"comment_status":"open","ping_status":"closed","sticky":false,"template":"","format":"standard","meta":[],"categories":[8],"tags":[],"_links":{"self":[{"href":"https:\/\/storytellers.se\/index.php?rest_route=\/wp\/v2\/posts\/982"}],"collection":[{"href":"https:\/\/storytellers.se\/index.php?rest_route=\/wp\/v2\/posts"}],"about":[{"href":"https:\/\/storytellers.se\/index.php?rest_route=\/wp\/v2\/types\/post"}],"author":[{"embeddable":true,"href":"https:\/\/storytellers.se\/index.php?rest_route=\/wp\/v2\/users\/2"}],"replies":[{"embeddable":true,"href":"https:\/\/storytellers.se\/index.php?rest_route=%2Fwp%2Fv2%2Fcomments&post=982"}],"version-history":[{"count":0,"href":"https:\/\/storytellers.se\/index.php?rest_route=\/wp\/v2\/posts\/982\/revisions"}],"wp:attachment":[{"href":"https:\/\/storytellers.se\/index.php?rest_route=%2Fwp%2Fv2%2Fmedia&parent=982"}],"wp:term":[{"taxonomy":"category","embeddable":true,"href":"https:\/\/storytellers.se\/index.php?rest_route=%2Fwp%2Fv2%2Fcategories&post=982"},{"taxonomy":"post_tag","embeddable":true,"href":"https:\/\/storytellers.se\/index.php?rest_route=%2Fwp%2Fv2%2Ftags&post=982"}],"curies":[{"name":"wp","href":"https:\/\/api.w.org\/{rel}","templated":true}]}}