{"id":976,"date":"2006-02-07T11:12:52","date_gmt":"2006-02-07T10:12:52","guid":{"rendered":"http:\/\/heijbel.wordpress.com\/2006\/02\/07\/storytelling-i-tidningen-leva"},"modified":"2006-02-07T11:12:52","modified_gmt":"2006-02-07T10:12:52","slug":"storytelling-i-tidningen-leva","status":"publish","type":"post","link":"https:\/\/storytellers.se\/?p=976","title":{"rendered":"Storytelling i tidningen Leva"},"content":{"rendered":"<p>Tidningen Leva har i sitt februarinummer 2006 ett stort reportage om det de kallar tankeverktyget Storytelling. Det \u00e4r frilansjournalisten Hanna Nolin som skrivit texten bland annat utifr\u00e5n en djupintervju med mig, Matts Heijbel. Vinkeln \u00e4r denna g\u00e5ng inriktad p\u00e5 individen och den n\u00e4rmaste flocken av sl\u00e4kt och v\u00e4nner.<\/p>\n<p><!--more--><br \/>\nN\u00e5gra av intervjucitaten:<br \/>\n&#8221; Ber\u00e4ttandet \u00e4r ett s\u00e4tt att synligg\u00f6ra sig sj\u00e4lv, inf\u00f6r sig sj\u00e4lv och inf\u00f6r andra. Ber\u00e4tta ber\u00e4ttelsen om vart du vill befinna dig om tv\u00e5 \u00e5r och du har redan b\u00f6rjat n\u00e4rma dig ditt m\u00e5l. &#8221;<br \/>\n&#8221; Det liv m\u00e5nga av oss lever har i m\u00e5ngt och mycket blivit en m\u00e4tbar logisk resa. De existentiella fr\u00e5gorna, varf\u00f6r vi \u00e4r h\u00e4r och vad vi vill att livet ska g\u00e5 ut p\u00e5, har f\u00e5tt stryka p\u00e5 foten. Det kan vara en anledning till att m\u00e5nga m\u00e4nniskor m\u00e5r d\u00e5ligt, blir utbr\u00e4nda. Ber\u00e4ttelserna kan d\u00e5 ha en helande kraft som lyfter fram livets fr\u00e5gor. &#8221;<br \/>\n&#8221; Vi beh\u00f6ver skapa lite folklore kring v\u00e5r egen person, v\u00e5r familj och v\u00e5rt liv.&#8221;<br \/>\n&#8221; Det \u00e4r i hj\u00e4rtat energin finns, inte i hj\u00e4rnan. Storytelling ger mer energi \u00e4n n\u00e5gra kalkyler i v\u00e4rlden. &#8221;<br \/>\nS\u00e5 l\u00e5ngt tidningen Leva.<br \/>\nTycker du det h\u00e4r verkar intressant s\u00e5 passa p\u00e5 att k\u00f6pa den i exempelvis pressbyr\u00e5n d\u00e4r den finns nu. I tidningen finns ocks\u00e5 flera storytellertips, tips om hur du kan b\u00e4ra dig \u00e5t f\u00f6r att b\u00f6rja ber\u00e4tta i privatlivet.<\/p>\n","protected":false},"excerpt":{"rendered":"<p>Tidningen Leva har i sitt februarinummer 2006 ett stort reportage om det de kallar tankeverktyget Storytelling. Det \u00e4r frilansjournalisten Hanna Nolin som skrivit texten bland annat utifr\u00e5n en djupintervju med mig, Matts Heijbel. Vinkeln \u00e4r denna g\u00e5ng inriktad p\u00e5 individen och den n\u00e4rmaste flocken av sl\u00e4kt och v\u00e4nner.<\/p>\n","protected":false},"author":2,"featured_media":0,"comment_status":"open","ping_status":"closed","sticky":false,"template":"","format":"standard","meta":[],"categories":[2],"tags":[],"_links":{"self":[{"href":"https:\/\/storytellers.se\/index.php?rest_route=\/wp\/v2\/posts\/976"}],"collection":[{"href":"https:\/\/storytellers.se\/index.php?rest_route=\/wp\/v2\/posts"}],"about":[{"href":"https:\/\/storytellers.se\/index.php?rest_route=\/wp\/v2\/types\/post"}],"author":[{"embeddable":true,"href":"https:\/\/storytellers.se\/index.php?rest_route=\/wp\/v2\/users\/2"}],"replies":[{"embeddable":true,"href":"https:\/\/storytellers.se\/index.php?rest_route=%2Fwp%2Fv2%2Fcomments&post=976"}],"version-history":[{"count":0,"href":"https:\/\/storytellers.se\/index.php?rest_route=\/wp\/v2\/posts\/976\/revisions"}],"wp:attachment":[{"href":"https:\/\/storytellers.se\/index.php?rest_route=%2Fwp%2Fv2%2Fmedia&parent=976"}],"wp:term":[{"taxonomy":"category","embeddable":true,"href":"https:\/\/storytellers.se\/index.php?rest_route=%2Fwp%2Fv2%2Fcategories&post=976"},{"taxonomy":"post_tag","embeddable":true,"href":"https:\/\/storytellers.se\/index.php?rest_route=%2Fwp%2Fv2%2Ftags&post=976"}],"curies":[{"name":"wp","href":"https:\/\/api.w.org\/{rel}","templated":true}]}}