{"id":970,"date":"2006-02-01T17:36:49","date_gmt":"2006-02-01T16:36:49","guid":{"rendered":"http:\/\/heijbel.wordpress.com\/2006\/02\/01\/nutidsberattelser-historia-i-morgon"},"modified":"2006-02-01T17:36:49","modified_gmt":"2006-02-01T16:36:49","slug":"nutidsberattelser-historia-i-morgon","status":"publish","type":"post","link":"https:\/\/storytellers.se\/?p=970","title":{"rendered":"Nutidsber\u00e4ttelser historia i morgon"},"content":{"rendered":"<p>Enkelt uttryckt kan man inom Corporate Storytelling tala om d\u00e5, nu och sen. Ber\u00e4ttelser fr\u00e5n det f\u00f6rflutna som vi har anv\u00e4ndning f\u00f6r i dag, ber\u00e4ttelser fr\u00e5n samtiden som vi kan anv\u00e4nda just nu &#8211; och som \u00e4r morgondagens historia &#8211; och framtidsber\u00e4ttelser eller om man s\u00e5 vill visionsber\u00e4ttelser som f\u00f6rs\u00f6ker tala om och muta in v\u00e5r framtid.<\/p>\n<p><!--more--><br \/>\nDet \u00e4r v\u00e4ldigt vanligt n\u00e4r jag kommer ut i f\u00f6retag och organisationer att man letat fram veteranerna, de som varit med l\u00e4nge. Och det \u00e4r f\u00f6rst\u00e5s viktigt och bra. De vet ju hur det har varit och i b\u00e4sta fall \u00e4r de mentalt med ocks\u00e5 i nuet.<br \/>\nMen det \u00e4r faktiskt lika intressant att tala med de nyare medarbetarna. De som precis kommit till organisationen eller varf\u00f6r inte de som \u00e4nnu inte kommit med i f\u00f6retaget. De blivande medarbetarna.<br \/>\nDet samma g\u00e4ller f\u00f6r kunderna och andra omv\u00e4rldsgrupper. De \u00e4r b\u00e4rare av bilder av verkligheten kring varum\u00e4rket, produkten eller tj\u00e4nsten.<br \/>\nEn sp\u00e4nnande insikt man f\u00e5r n\u00e4r man letar nutidsber\u00e4ttelser \u00e4r att om man ber\u00e4ttar i och om nuet s\u00e5 skriver man faktiskt samtidigt sin historia i realtid. Nutidsber\u00e4ttelserna \u00e4r allts\u00e5 morgondagens historia.<br \/>\nDessa nutidsber\u00e4ttelser visar senare i backspegeln hur vi t\u00e4nkte just nu &#8211; 2006 &#8211; och kommer d\u00e5 att ge oss perspektiv som vi annars hade tappat och nyanserat bort p\u00e5 v\u00e4gen.<br \/>\nI och med att vi r\u00f6r oss i den upplevda sanningen s\u00e5 kommer de aldrig att bli ointressanta. De skapar i sj\u00e4lva verket f\u00f6rst\u00e5else f\u00f6r organisationen och dess kultur medan de ligger och mognar som ett &#8211; f\u00f6rhoppningsvis &#8211; gott vin.<\/p>\n","protected":false},"excerpt":{"rendered":"<p>Enkelt uttryckt kan man inom Corporate Storytelling tala om d\u00e5, nu och sen. Ber\u00e4ttelser fr\u00e5n det f\u00f6rflutna som vi har anv\u00e4ndning f\u00f6r i dag, ber\u00e4ttelser fr\u00e5n samtiden som vi kan anv\u00e4nda just nu &#8211; och som \u00e4r morgondagens historia &#8211; och framtidsber\u00e4ttelser eller om man s\u00e5 vill visionsber\u00e4ttelser som f\u00f6rs\u00f6ker tala om och muta in&#8230;<\/p>\n","protected":false},"author":2,"featured_media":0,"comment_status":"open","ping_status":"closed","sticky":false,"template":"","format":"standard","meta":[],"categories":[2],"tags":[],"_links":{"self":[{"href":"https:\/\/storytellers.se\/index.php?rest_route=\/wp\/v2\/posts\/970"}],"collection":[{"href":"https:\/\/storytellers.se\/index.php?rest_route=\/wp\/v2\/posts"}],"about":[{"href":"https:\/\/storytellers.se\/index.php?rest_route=\/wp\/v2\/types\/post"}],"author":[{"embeddable":true,"href":"https:\/\/storytellers.se\/index.php?rest_route=\/wp\/v2\/users\/2"}],"replies":[{"embeddable":true,"href":"https:\/\/storytellers.se\/index.php?rest_route=%2Fwp%2Fv2%2Fcomments&post=970"}],"version-history":[{"count":0,"href":"https:\/\/storytellers.se\/index.php?rest_route=\/wp\/v2\/posts\/970\/revisions"}],"wp:attachment":[{"href":"https:\/\/storytellers.se\/index.php?rest_route=%2Fwp%2Fv2%2Fmedia&parent=970"}],"wp:term":[{"taxonomy":"category","embeddable":true,"href":"https:\/\/storytellers.se\/index.php?rest_route=%2Fwp%2Fv2%2Fcategories&post=970"},{"taxonomy":"post_tag","embeddable":true,"href":"https:\/\/storytellers.se\/index.php?rest_route=%2Fwp%2Fv2%2Ftags&post=970"}],"curies":[{"name":"wp","href":"https:\/\/api.w.org\/{rel}","templated":true}]}}