{"id":962,"date":"2006-01-27T12:10:36","date_gmt":"2006-01-27T11:10:36","guid":{"rendered":"http:\/\/heijbel.wordpress.com\/2006\/01\/27\/ha-storyn-eller-fabeln-klar-for-dig"},"modified":"2006-01-27T12:10:36","modified_gmt":"2006-01-27T11:10:36","slug":"ha-storyn-eller-fabeln-klar-for-dig","status":"publish","type":"post","link":"https:\/\/storytellers.se\/?p=962","title":{"rendered":"Ha storyn &#8211; eller fabeln &#8211; klar f\u00f6r dig"},"content":{"rendered":"<p>En f\u00f6retagsber\u00e4ttelse kan ta lite olika v\u00e4ndningar beroende p\u00e5 n\u00e4r och var den ber\u00e4ttas. Men sj\u00e4lva storyn, eller fabeln som man brukar s\u00e4ga, m\u00e5ste vara den samma och helt uppenbar.<\/p>\n<p><!--more--><br \/>\nInom teatern talar man om att en pj\u00e4s ska ha en tydlig fabel. D\u00e5 menar man inte en fabel som en djursaga utan man menar helt enkelt att det ska finnas en tydlig story d\u00e4r det \u00e4r uppenbart vilka h\u00e4ndelsefakta pj\u00e4sen bygger p\u00e5.<br \/>\nTyp: En region drabbas av extrem sn\u00f6storm. Taxif\u00f6retaget X klarar under denna extrema sn\u00f6storm, d\u00e4r inga bilar tar sig fram, skiftbytena vid pappersbruket med hj\u00e4lp av spontant och kreativt inl\u00e5nade sn\u00f6skotrar.<br \/>\nPappersbruket r\u00e4ddar, tack vare denna insats, produktionen och kan h\u00e5lla maskinerna ig\u00e5ng trots dessa extrema omst\u00e4ndigheter.<br \/>\nPappersbruket anlitar d\u00e4refter alltid Taxibolaget X f\u00f6r alla sina taxibehov. Pappersbruket tycker n\u00e4mligen att de kan lita p\u00e5 Taxibolaget X och dess kreativitet och kundorientering.<br \/>\nDet skulle man kunna kalla storyn, eller fabeln. Det \u00e4r vad ber\u00e4ttelsen handlar om. Utan egentliga k\u00e4nslor, mentala bilder eller st\u00e4mningar. Helt avskalat. Logiskt och faktabaserat.<br \/>\nDen broderade m\u00e5lande f\u00f6retagsstoryn ska sen komma ih\u00e5g och f\u00f6rst\u00e5 och gulla med denna fabel. Storytellern ska f\u00f6rpacka den p\u00e5 ett dramaturgiskt attraktivt s\u00e4tt med scener, associationer, v\u00e4ndningar, sp\u00e4nningsmoment och sensmoraliskt konstaterande.<br \/>\nLyssnaren lever med. Ser och upplever vad som h\u00e4nder och har till slut fabeln klar f\u00f6r sig. N\u00e4r den sen ber\u00e4ttas vidare kanske de m\u00e5lande detaljerna, k\u00e4nslorna och milj\u00f6bilderna \u00e4ndras men fabeln \u00e4r den samma och lever vidare.<br \/>\nD\u00e5 lever Corporate Storytelling.<\/p>\n","protected":false},"excerpt":{"rendered":"<p>En f\u00f6retagsber\u00e4ttelse kan ta lite olika v\u00e4ndningar beroende p\u00e5 n\u00e4r och var den ber\u00e4ttas. Men sj\u00e4lva storyn, eller fabeln som man brukar s\u00e4ga, m\u00e5ste vara den samma och helt uppenbar.<\/p>\n","protected":false},"author":2,"featured_media":0,"comment_status":"open","ping_status":"closed","sticky":false,"template":"","format":"standard","meta":[],"categories":[2],"tags":[],"_links":{"self":[{"href":"https:\/\/storytellers.se\/index.php?rest_route=\/wp\/v2\/posts\/962"}],"collection":[{"href":"https:\/\/storytellers.se\/index.php?rest_route=\/wp\/v2\/posts"}],"about":[{"href":"https:\/\/storytellers.se\/index.php?rest_route=\/wp\/v2\/types\/post"}],"author":[{"embeddable":true,"href":"https:\/\/storytellers.se\/index.php?rest_route=\/wp\/v2\/users\/2"}],"replies":[{"embeddable":true,"href":"https:\/\/storytellers.se\/index.php?rest_route=%2Fwp%2Fv2%2Fcomments&post=962"}],"version-history":[{"count":0,"href":"https:\/\/storytellers.se\/index.php?rest_route=\/wp\/v2\/posts\/962\/revisions"}],"wp:attachment":[{"href":"https:\/\/storytellers.se\/index.php?rest_route=%2Fwp%2Fv2%2Fmedia&parent=962"}],"wp:term":[{"taxonomy":"category","embeddable":true,"href":"https:\/\/storytellers.se\/index.php?rest_route=%2Fwp%2Fv2%2Fcategories&post=962"},{"taxonomy":"post_tag","embeddable":true,"href":"https:\/\/storytellers.se\/index.php?rest_route=%2Fwp%2Fv2%2Ftags&post=962"}],"curies":[{"name":"wp","href":"https:\/\/api.w.org\/{rel}","templated":true}]}}