{"id":960,"date":"2006-01-26T13:03:19","date_gmt":"2006-01-26T12:03:19","guid":{"rendered":"http:\/\/heijbel.wordpress.com\/2006\/01\/26\/forsvarsmaktsinformatorer"},"modified":"2006-01-26T13:03:19","modified_gmt":"2006-01-26T12:03:19","slug":"forsvarsmaktsinformatorer","status":"publish","type":"post","link":"https:\/\/storytellers.se\/?p=960","title":{"rendered":"F\u00f6rsvarsmaktsinformat\u00f6rer"},"content":{"rendered":"<p>I dag, den 26 januari p\u00e5 kv\u00e4llen, tr\u00e4ffar jag ett n\u00e4tverk av informat\u00f6rer som ursprungligen l\u00e4rde k\u00e4nna varandra p\u00e5 F\u00f6rsvarsmaktens centrala informationsavdelning. Det \u00e4r cirka 40 stycken som anm\u00e4lt sig och de ska f\u00e5 en f\u00f6rel\u00e4sning om Corporate Storytelling i samarbetsprojekt och hur storytelling kan anv\u00e4ndas i beskrivningen av en verksamhet gentemot en extern m\u00e5lgrupp.<\/p>\n","protected":false},"excerpt":{"rendered":"<p>I dag, den 26 januari p\u00e5 kv\u00e4llen, tr\u00e4ffar jag ett n\u00e4tverk av informat\u00f6rer som ursprungligen l\u00e4rde k\u00e4nna varandra p\u00e5 F\u00f6rsvarsmaktens centrala informationsavdelning. Det \u00e4r cirka 40 stycken som anm\u00e4lt sig och de ska f\u00e5 en f\u00f6rel\u00e4sning om Corporate Storytelling i samarbetsprojekt och hur storytelling kan anv\u00e4ndas i beskrivningen av en verksamhet gentemot en extern m\u00e5lgrupp.<\/p>\n","protected":false},"author":2,"featured_media":0,"comment_status":"open","ping_status":"closed","sticky":false,"template":"","format":"standard","meta":[],"categories":[9],"tags":[],"_links":{"self":[{"href":"https:\/\/storytellers.se\/index.php?rest_route=\/wp\/v2\/posts\/960"}],"collection":[{"href":"https:\/\/storytellers.se\/index.php?rest_route=\/wp\/v2\/posts"}],"about":[{"href":"https:\/\/storytellers.se\/index.php?rest_route=\/wp\/v2\/types\/post"}],"author":[{"embeddable":true,"href":"https:\/\/storytellers.se\/index.php?rest_route=\/wp\/v2\/users\/2"}],"replies":[{"embeddable":true,"href":"https:\/\/storytellers.se\/index.php?rest_route=%2Fwp%2Fv2%2Fcomments&post=960"}],"version-history":[{"count":0,"href":"https:\/\/storytellers.se\/index.php?rest_route=\/wp\/v2\/posts\/960\/revisions"}],"wp:attachment":[{"href":"https:\/\/storytellers.se\/index.php?rest_route=%2Fwp%2Fv2%2Fmedia&parent=960"}],"wp:term":[{"taxonomy":"category","embeddable":true,"href":"https:\/\/storytellers.se\/index.php?rest_route=%2Fwp%2Fv2%2Fcategories&post=960"},{"taxonomy":"post_tag","embeddable":true,"href":"https:\/\/storytellers.se\/index.php?rest_route=%2Fwp%2Fv2%2Ftags&post=960"}],"curies":[{"name":"wp","href":"https:\/\/api.w.org\/{rel}","templated":true}]}}