{"id":956,"date":"2006-01-24T12:15:41","date_gmt":"2006-01-24T11:15:41","guid":{"rendered":"http:\/\/heijbel.wordpress.com\/2006\/01\/24\/forelasningar-i-kalmar"},"modified":"2006-01-24T12:15:41","modified_gmt":"2006-01-24T11:15:41","slug":"forelasningar-i-kalmar","status":"publish","type":"post","link":"https:\/\/storytellers.se\/?p=956","title":{"rendered":"F\u00f6rel\u00e4sningar i Kalmar"},"content":{"rendered":"<p>Den 16e och 17e februari bes\u00f6ker jag Kalmar f\u00f6r n\u00e5gra f\u00f6rel\u00e4sningar. Jag ska tala p\u00e5 Handelh\u00f6gskolan och p\u00e5 Inst f\u00f6r Medievetenskap med Journalistik. Jag ska ocks\u00e5 tala p\u00e5 morgonen den 17 februari vid ett frukostm\u00f6te p\u00e5 Maknadsf\u00f6reningen. Det m\u00f6tet \u00e4r \u00f6ppet och h\u00e5lls i Kalmarsalens Glasveranda 07.30 &#8211; 09.00. Se vidare<br \/>\n<a href=\"http:\/\/www.marknadsforeningenkalmar.org.se\">http:\/\/marknadsforeningenkalmar.org.se<\/a><\/p>\n","protected":false},"excerpt":{"rendered":"<p>Den 16e och 17e februari bes\u00f6ker jag Kalmar f\u00f6r n\u00e5gra f\u00f6rel\u00e4sningar. Jag ska tala p\u00e5 Handelh\u00f6gskolan och p\u00e5 Inst f\u00f6r Medievetenskap med Journalistik. Jag ska ocks\u00e5 tala p\u00e5 morgonen den 17 februari vid ett frukostm\u00f6te p\u00e5 Maknadsf\u00f6reningen. Det m\u00f6tet \u00e4r \u00f6ppet och h\u00e5lls i Kalmarsalens Glasveranda 07.30 &#8211; 09.00. Se vidare http:\/\/marknadsforeningenkalmar.org.se<\/p>\n","protected":false},"author":2,"featured_media":0,"comment_status":"open","ping_status":"closed","sticky":false,"template":"","format":"standard","meta":[],"categories":[9],"tags":[],"_links":{"self":[{"href":"https:\/\/storytellers.se\/index.php?rest_route=\/wp\/v2\/posts\/956"}],"collection":[{"href":"https:\/\/storytellers.se\/index.php?rest_route=\/wp\/v2\/posts"}],"about":[{"href":"https:\/\/storytellers.se\/index.php?rest_route=\/wp\/v2\/types\/post"}],"author":[{"embeddable":true,"href":"https:\/\/storytellers.se\/index.php?rest_route=\/wp\/v2\/users\/2"}],"replies":[{"embeddable":true,"href":"https:\/\/storytellers.se\/index.php?rest_route=%2Fwp%2Fv2%2Fcomments&post=956"}],"version-history":[{"count":0,"href":"https:\/\/storytellers.se\/index.php?rest_route=\/wp\/v2\/posts\/956\/revisions"}],"wp:attachment":[{"href":"https:\/\/storytellers.se\/index.php?rest_route=%2Fwp%2Fv2%2Fmedia&parent=956"}],"wp:term":[{"taxonomy":"category","embeddable":true,"href":"https:\/\/storytellers.se\/index.php?rest_route=%2Fwp%2Fv2%2Fcategories&post=956"},{"taxonomy":"post_tag","embeddable":true,"href":"https:\/\/storytellers.se\/index.php?rest_route=%2Fwp%2Fv2%2Ftags&post=956"}],"curies":[{"name":"wp","href":"https:\/\/api.w.org\/{rel}","templated":true}]}}