{"id":952,"date":"2006-01-23T11:58:49","date_gmt":"2006-01-23T10:58:49","guid":{"rendered":"http:\/\/heijbel.wordpress.com\/2006\/01\/23\/handlingens-sprak"},"modified":"2006-01-23T11:58:49","modified_gmt":"2006-01-23T10:58:49","slug":"handlingens-sprak","status":"publish","type":"post","link":"https:\/\/storytellers.se\/?p=952","title":{"rendered":"Handlingens spr\u00e5k"},"content":{"rendered":"<p>Genom att leva som man l\u00e4r kan man skapa ber\u00e4ttelser som kopplas till exempelvis f\u00f6r\u00e4ndringsarbetet i en organisation. Kanske kan en ledare g\u00f6ra n\u00e5got spektakul\u00e4rt som sen sprids i storyformat.<\/p>\n<p><!--more--><br \/>\nJag h\u00f6rde om ett statligt bolag som arbetade med begreppet kundorientering. Det var m\u00e5nga gamla monopolbeteenden som beh\u00f6vde bearbetas och nya s\u00e4tt att leva och agera var n\u00f6dv\u00e4ndiga.<br \/>\nEn liten detalj i detta arbete var att ta itu med den gr\u00e4ddfilsparkering f\u00f6r ledarna som fanns utanf\u00f6r den stora kontorsbyggnaden. Det stod Reserverat f\u00f6r bolagsledningen &#8211; eller n\u00e5got s\u00e5nt &#8211; p\u00e5 en skylt alldeles vid entr\u00e9n vid flera fina parkeringsplatser.<br \/>\nD\u00e5 arrangerade man det s\u00e5 att den h\u00f6gsta chefen kl\u00e4dde sig i arbetskl\u00e4der och fick l\u00e4mpliga verktyg. Han tog fram en stege och b\u00f6rjade skruva ned reservationsskylten just vid den tiden p\u00e5 dagen n\u00e4r sde var m\u00e5nga som passerade ut och in genom entr\u00e9n.<br \/>\nHan skruvade ned skylten och ersatte den direkt med en nytillverkad skylt d\u00e4r det stod Reserverat f\u00f6r kunder.<br \/>\nM\u00e5nga som passerade entr\u00e9n s\u00e5g f\u00f6rst\u00e5s vad han h\u00f6ll p\u00e5 med och redan samma dag spreds denna ber\u00e4ttelse i organisationen och bland de kunder som r\u00e5kade passera.<br \/>\nEtt exempel p\u00e5 handlingens spr\u00e5k och p\u00e5 att man kan regissera verkligheten f\u00f6r att f\u00e5 fram kulturst\u00f6djande ber\u00e4ttelser.<\/p>\n","protected":false},"excerpt":{"rendered":"<p>Genom att leva som man l\u00e4r kan man skapa ber\u00e4ttelser som kopplas till exempelvis f\u00f6r\u00e4ndringsarbetet i en organisation. Kanske kan en ledare g\u00f6ra n\u00e5got spektakul\u00e4rt som sen sprids i storyformat.<\/p>\n","protected":false},"author":2,"featured_media":0,"comment_status":"open","ping_status":"closed","sticky":false,"template":"","format":"standard","meta":[],"categories":[2],"tags":[],"_links":{"self":[{"href":"https:\/\/storytellers.se\/index.php?rest_route=\/wp\/v2\/posts\/952"}],"collection":[{"href":"https:\/\/storytellers.se\/index.php?rest_route=\/wp\/v2\/posts"}],"about":[{"href":"https:\/\/storytellers.se\/index.php?rest_route=\/wp\/v2\/types\/post"}],"author":[{"embeddable":true,"href":"https:\/\/storytellers.se\/index.php?rest_route=\/wp\/v2\/users\/2"}],"replies":[{"embeddable":true,"href":"https:\/\/storytellers.se\/index.php?rest_route=%2Fwp%2Fv2%2Fcomments&post=952"}],"version-history":[{"count":0,"href":"https:\/\/storytellers.se\/index.php?rest_route=\/wp\/v2\/posts\/952\/revisions"}],"wp:attachment":[{"href":"https:\/\/storytellers.se\/index.php?rest_route=%2Fwp%2Fv2%2Fmedia&parent=952"}],"wp:term":[{"taxonomy":"category","embeddable":true,"href":"https:\/\/storytellers.se\/index.php?rest_route=%2Fwp%2Fv2%2Fcategories&post=952"},{"taxonomy":"post_tag","embeddable":true,"href":"https:\/\/storytellers.se\/index.php?rest_route=%2Fwp%2Fv2%2Ftags&post=952"}],"curies":[{"name":"wp","href":"https:\/\/api.w.org\/{rel}","templated":true}]}}