{"id":950,"date":"2006-01-17T11:48:11","date_gmt":"2006-01-17T10:48:11","guid":{"rendered":"http:\/\/heijbel.wordpress.com\/2006\/01\/17\/nar-leon-nordin-korde-fast"},"modified":"2006-01-17T11:48:11","modified_gmt":"2006-01-17T10:48:11","slug":"nar-leon-nordin-korde-fast","status":"publish","type":"post","link":"https:\/\/storytellers.se\/?p=950","title":{"rendered":"N\u00e4r Leon Nordin k\u00f6rde fast"},"content":{"rendered":"<p>Reklamgurun Leon Nordin anses ha lagt grunden f\u00f6r en helt ny, f\u00f6rmodligen r\u00e4tt svensk, reklamstil i slutet av 60-talet. Man talar \u00e4n i dag om nordinare och om att han talar till mottagarens hj\u00e4rta. K\u00e4nsla \u00e4r viktigare \u00e4n f\u00f6rnuft, l\u00e4r han ha p\u00e5st\u00e5tt. Jag hittade honom i ett ex av tidningen Resum\u00e9 8\/1984&#8230;<\/p>\n<p><!--more--><br \/>\nJournalisten Sven S\u00f6rmark publicerade en stor Nordinintervju i Resum\u00e9 8\/84. Bland annat handlade den om n\u00e4r den j\u00e4mf\u00f6rande reklamen v\u00e4xte fram i Sverige. Det vill s\u00e4ga att man med objektiva argument skulle l\u00e5ta konsumenten sj\u00e4lv g\u00f6ra sitt val.<br \/>\nLeon Nordin banade v\u00e4gen med exempelvis annonsen om den s\u00e5 kallade Skrytbilen, en liten fyrkantig och livsfarlig Renault som kom p\u00e5 60-talet och som nu \u00e4r helt bortrostad fr\u00e5n svenska v\u00e4gar.<br \/>\n&#8221; Skrytbil? Den \u00e4r inte vacker. Inte kromprydd. Inredningen \u00e4r enkel. Om Ni vill ha en bil som grannarna \u00e4r avundsjuka p\u00e5 &#8211; d\u00e5 \u00e4r det h\u00e4r bilen inget f\u00f6r Er! osv&#8230;&#8221;<br \/>\nBofors ville vid ungef\u00e4r samma tid lansera en tandkr\u00e4m utan starkt slipmedel, n\u00e5got som Leon Nordin satt och jobbade med p\u00e5 sin annonsbyr\u00e5.<br \/>\nI Resum\u00e9 8\/84 finns Nordinstorien om denna h\u00e4ndelse fr\u00e5n den j\u00e4mf\u00f6rande reklamens tidiga \u00e5r:<br \/>\nLeon Nordin satt och k\u00e4mpade med en annons f\u00f6r Bofors Tandkr\u00e4m. Han hade k\u00f6rt fast och ropade till slut r\u00e4tt ut \u00f6ver rummet:<br \/>\n\u2013 Jag har ett el\u00e4nde med att f\u00f6rklara att just den h\u00e4r tandkr\u00e4men ska vara den b\u00e4sta!<br \/>\n\u2013 Ja men skriv det d\u00e5! svarade n\u00e5gon i rummet.<br \/>\nNordin stirrade stelt p\u00e5 den som f\u00e4llde kommentaren. Sen s\u00e5g man i hans ansikte hur insikten kr\u00f6p fram inom honom&#8230;<br \/>\n\u2013 Ja just det, sa han.<br \/>\nOch s\u00e5 skrev han: Vi har ett el\u00e4nde n\u00e4r vi ska f\u00f6rklara att det h\u00e4r \u00e4r den b\u00e4sta tandkr\u00e4men&#8230;men<\/p>\n","protected":false},"excerpt":{"rendered":"<p>Reklamgurun Leon Nordin anses ha lagt grunden f\u00f6r en helt ny, f\u00f6rmodligen r\u00e4tt svensk, reklamstil i slutet av 60-talet. Man talar \u00e4n i dag om nordinare och om att han talar till mottagarens hj\u00e4rta. K\u00e4nsla \u00e4r viktigare \u00e4n f\u00f6rnuft, l\u00e4r han ha p\u00e5st\u00e5tt. Jag hittade honom i ett ex av tidningen Resum\u00e9 8\/1984&#8230;<\/p>\n","protected":false},"author":2,"featured_media":0,"comment_status":"open","ping_status":"closed","sticky":false,"template":"","format":"standard","meta":[],"categories":[10],"tags":[],"_links":{"self":[{"href":"https:\/\/storytellers.se\/index.php?rest_route=\/wp\/v2\/posts\/950"}],"collection":[{"href":"https:\/\/storytellers.se\/index.php?rest_route=\/wp\/v2\/posts"}],"about":[{"href":"https:\/\/storytellers.se\/index.php?rest_route=\/wp\/v2\/types\/post"}],"author":[{"embeddable":true,"href":"https:\/\/storytellers.se\/index.php?rest_route=\/wp\/v2\/users\/2"}],"replies":[{"embeddable":true,"href":"https:\/\/storytellers.se\/index.php?rest_route=%2Fwp%2Fv2%2Fcomments&post=950"}],"version-history":[{"count":0,"href":"https:\/\/storytellers.se\/index.php?rest_route=\/wp\/v2\/posts\/950\/revisions"}],"wp:attachment":[{"href":"https:\/\/storytellers.se\/index.php?rest_route=%2Fwp%2Fv2%2Fmedia&parent=950"}],"wp:term":[{"taxonomy":"category","embeddable":true,"href":"https:\/\/storytellers.se\/index.php?rest_route=%2Fwp%2Fv2%2Fcategories&post=950"},{"taxonomy":"post_tag","embeddable":true,"href":"https:\/\/storytellers.se\/index.php?rest_route=%2Fwp%2Fv2%2Ftags&post=950"}],"curies":[{"name":"wp","href":"https:\/\/api.w.org\/{rel}","templated":true}]}}