{"id":946,"date":"2006-01-13T11:35:42","date_gmt":"2006-01-13T10:35:42","guid":{"rendered":"http:\/\/heijbel.wordpress.com\/2006\/01\/13\/copyright"},"modified":"2006-01-13T11:35:42","modified_gmt":"2006-01-13T10:35:42","slug":"copyright","status":"publish","type":"post","link":"https:\/\/storytellers.se\/?p=946","title":{"rendered":"Copyright \u00a9"},"content":{"rendered":"<p>Jag tr\u00e4ffade en senior kvinna som hade mycket sp\u00e4nnande att ber\u00e4tta om Karlssons klister och om hur klistermannen importerade en \u00e5sna fr\u00e5n Sicilien till Stockholm f\u00f6r att b\u00e4ttre kunna marknadsf\u00f6ra tesen &#8221;Alla anv\u00e4nder Karlssons klister utom jag f\u00f6r jag \u00e4r en \u00e5sna&#8221;.<\/p>\n<p><!--more--><br \/>\nKan jag inte f\u00e5 ber\u00e4tta p\u00e5 Storytellers.se om allt detta och om hur de br\u00f6t sig in i vaktparaden och allt annat du h\u00f6rt kring Karlssons klister? fr\u00e5gade jag.<br \/>\nNej du. Den \u00e4r min, sa hon.<br \/>\nHon tyckte uppenbarligen att hon \u00e4gde ber\u00e4ttelsen. Hon ville inte dela med sig av den. Tyckte att hon ville \u00e4ga den. Men hon hade f\u00f6rst\u00e5s ingen copyright p\u00e5 den utan hade bara h\u00f6rt den.<br \/>\nMen en h\u00e4ndelse som denna g\u00f6r \u00e4nd\u00e5 att man kan fundera \u00f6ver copyrightfr\u00e5gan i samband med Corporate Storytelling.<br \/>\nSom jag ser det \u00e4ger ingen m\u00e4nniska f\u00f6retagsber\u00e4ttelserna. Det \u00e4r m\u00f6jligen f\u00f6retaget som \u00e4ger dem eller som ser dem befolka varum\u00e4rket. Det \u00e4r s\u00e5 att s\u00e4ga hela po\u00e4ngen med CS. Det g\u00e4ller f\u00f6rst\u00e5s ocks\u00e5 om jag som inhyrd Corporate Storyteller sk\u00f6rdar ber\u00e4ttelser i en organisation.<br \/>\nInte kan jag d\u00e5 komma och s\u00e4ga att jag ska ha copyright p\u00e5 dem f\u00f6r att jag hittat dem och dramatiserat dem. Det \u00e4r ungef\u00e4r lika konstigt som n\u00e4r amerikanarna nu f\u00f6rs\u00f6ker patentera och \u00e4ga gener och dna.<br \/>\nNej en av de tjusiga po\u00e4ngerna med Corporate Storytelling \u00e4r att tona ned individen och sk\u00f6rdemannen. Om herr x och frk y ber\u00e4ttar om sin organisation s\u00e5 finns ju de ber\u00e4ttelserna kvar \u00e4ven sen han eller hon har slutat.<br \/>\nDet \u00e4r organisationens ber\u00e4ttelser. Vi vill f\u00f6rs\u00f6ka f\u00e5 muntlig spridning kring dem. Det \u00e4r det som \u00e4r Corporate Storytelling.<br \/>\nIngen copyright allts\u00e5!<\/p>\n","protected":false},"excerpt":{"rendered":"<p>Jag tr\u00e4ffade en senior kvinna som hade mycket sp\u00e4nnande att ber\u00e4tta om Karlssons klister och om hur klistermannen importerade en \u00e5sna fr\u00e5n Sicilien till Stockholm f\u00f6r att b\u00e4ttre kunna marknadsf\u00f6ra tesen &#8221;Alla anv\u00e4nder Karlssons klister utom jag f\u00f6r jag \u00e4r en \u00e5sna&#8221;.<\/p>\n","protected":false},"author":2,"featured_media":0,"comment_status":"open","ping_status":"closed","sticky":false,"template":"","format":"standard","meta":[],"categories":[2],"tags":[],"_links":{"self":[{"href":"https:\/\/storytellers.se\/index.php?rest_route=\/wp\/v2\/posts\/946"}],"collection":[{"href":"https:\/\/storytellers.se\/index.php?rest_route=\/wp\/v2\/posts"}],"about":[{"href":"https:\/\/storytellers.se\/index.php?rest_route=\/wp\/v2\/types\/post"}],"author":[{"embeddable":true,"href":"https:\/\/storytellers.se\/index.php?rest_route=\/wp\/v2\/users\/2"}],"replies":[{"embeddable":true,"href":"https:\/\/storytellers.se\/index.php?rest_route=%2Fwp%2Fv2%2Fcomments&post=946"}],"version-history":[{"count":0,"href":"https:\/\/storytellers.se\/index.php?rest_route=\/wp\/v2\/posts\/946\/revisions"}],"wp:attachment":[{"href":"https:\/\/storytellers.se\/index.php?rest_route=%2Fwp%2Fv2%2Fmedia&parent=946"}],"wp:term":[{"taxonomy":"category","embeddable":true,"href":"https:\/\/storytellers.se\/index.php?rest_route=%2Fwp%2Fv2%2Fcategories&post=946"},{"taxonomy":"post_tag","embeddable":true,"href":"https:\/\/storytellers.se\/index.php?rest_route=%2Fwp%2Fv2%2Ftags&post=946"}],"curies":[{"name":"wp","href":"https:\/\/api.w.org\/{rel}","templated":true}]}}