{"id":944,"date":"2006-01-12T17:06:43","date_gmt":"2006-01-12T16:06:43","guid":{"rendered":"http:\/\/heijbel.wordpress.com\/2006\/01\/12\/foretagskulturer"},"modified":"2006-01-12T17:06:43","modified_gmt":"2006-01-12T16:06:43","slug":"foretagskulturer","status":"publish","type":"post","link":"https:\/\/storytellers.se\/?p=944","title":{"rendered":"F\u00f6retagskulturer"},"content":{"rendered":"<p>Olika l\u00e4nder har personligheter liksom regioner, byar och sl\u00e4kter. Och det har f\u00f6rst\u00e5s ocks\u00e5 individer som du och jag. F\u00f6retag och organisationer d\u00e4r vi numera tillbringar st\u00f6rre delen av v\u00e5r vakna tid har f\u00f6rst\u00e5s ocks\u00e5 personliga drag och karakt\u00e4rer, f\u00f6retagskulturer.<\/p>\n<p><!--more--><br \/>\nN\u00e4r vi arbetar med Corporate Storytelling \u00e4r vi f\u00f6rst\u00e5s alltid medvetna om att kulturkapitalet \u00e4r n\u00e5got som vi ska l\u00e4ra k\u00e4nna och anv\u00e4nda i f\u00f6rtagets eller organisationens utveckling.<br \/>\nOm ledningen som \u00e4r satt att styra en organisation blundar f\u00f6r detta faktum s\u00e5 avst\u00e5r den fr\u00e5n att s\u00f6ka och utnyttja viktiga framg\u00e5ngsfaktorer.<br \/>\nN\u00e4r vi exempelvis arbetar med organisationens v\u00e4rdegrund och kanske till och med formulerar v\u00e5r k\u00e4rnv\u00e4rden s\u00e5 \u00e4r det, inte minst av pedagogiska sk\u00e4l, viktigt att leta fram h\u00e4ndelser och ber\u00e4ttelser som bekr\u00e4ftar att det vi p\u00e5st\u00e5r om organisationen st\u00e4mmer med verkligheten.<br \/>\nP\u00e5st\u00e5r vi exempelvis att vi \u00e4r \u00e4rliga, trov\u00e4rdiga, professionella och kundorienterade s\u00e5 kan, med all r\u00e4tt, n\u00e5gon rimligen st\u00e4lla den kritiska fr\u00e5gan: Vadd\u00e5 \u00e4rliga?<br \/>\nD\u00e5 \u00e4r det storyl\u00e4ge.<br \/>\nB\u00e4sta s\u00e4ttet att svara p\u00e5 en s\u00e5dan fr\u00e5ga \u00e4r n\u00e4mligen att ge ett sant bekr\u00e4ftande exempel ur den egna verkligheten.<br \/>\nSom Corprate Storyteller ordnar man ett pedagogiskt sammanhang, kanske en work shop, d\u00e4r man kan b\u00f6rja leta fram dessa tesst\u00f6djande ber\u00e4ttelser. Om nu tesen faktiskt bottnar i verkligheten.<br \/>\nEn befolkad ber\u00e4ttelse som medarbetare och kunder upplever som trov\u00e4rdig och sann siktar ofta mot hj\u00e4rtat och kan d\u00e5 upplevas som trov\u00e4rdigare \u00e4n de mer logiskt f\u00f6rpackade siffrorna och diagrammen som f\u00f6rekommer i parti och minut.<br \/>\n\u00c5tminstone kan ber\u00e4ttelserna vara ett viktigt komplement som det vore dumt att avst\u00e5 ifr\u00e5n om man vill styra ett f\u00f6retag eller en organisation in i framtiden.<br \/>\nDe personliga dragen och karakt\u00e4rerna visar s\u00e4rarten och vilka man \u00e4r. De skickar med viktiga kulturella merv\u00e4rden n\u00e4r man s\u00e4ljer sina produkter eller tj\u00e4nster.<br \/>\nMen d\u00e5 m\u00e5ste man f\u00f6rst\u00e5s l\u00e4ra k\u00e4nna sina stories och ber\u00e4tta dem ocks\u00e4. Man m\u00e5ste storytella!<\/p>\n","protected":false},"excerpt":{"rendered":"<p>Olika l\u00e4nder har personligheter liksom regioner, byar och sl\u00e4kter. Och det har f\u00f6rst\u00e5s ocks\u00e5 individer som du och jag. F\u00f6retag och organisationer d\u00e4r vi numera tillbringar st\u00f6rre delen av v\u00e5r vakna tid har f\u00f6rst\u00e5s ocks\u00e5 personliga drag och karakt\u00e4rer, f\u00f6retagskulturer.<\/p>\n","protected":false},"author":2,"featured_media":0,"comment_status":"open","ping_status":"closed","sticky":false,"template":"","format":"standard","meta":[],"categories":[2],"tags":[],"_links":{"self":[{"href":"https:\/\/storytellers.se\/index.php?rest_route=\/wp\/v2\/posts\/944"}],"collection":[{"href":"https:\/\/storytellers.se\/index.php?rest_route=\/wp\/v2\/posts"}],"about":[{"href":"https:\/\/storytellers.se\/index.php?rest_route=\/wp\/v2\/types\/post"}],"author":[{"embeddable":true,"href":"https:\/\/storytellers.se\/index.php?rest_route=\/wp\/v2\/users\/2"}],"replies":[{"embeddable":true,"href":"https:\/\/storytellers.se\/index.php?rest_route=%2Fwp%2Fv2%2Fcomments&post=944"}],"version-history":[{"count":0,"href":"https:\/\/storytellers.se\/index.php?rest_route=\/wp\/v2\/posts\/944\/revisions"}],"wp:attachment":[{"href":"https:\/\/storytellers.se\/index.php?rest_route=%2Fwp%2Fv2%2Fmedia&parent=944"}],"wp:term":[{"taxonomy":"category","embeddable":true,"href":"https:\/\/storytellers.se\/index.php?rest_route=%2Fwp%2Fv2%2Fcategories&post=944"},{"taxonomy":"post_tag","embeddable":true,"href":"https:\/\/storytellers.se\/index.php?rest_route=%2Fwp%2Fv2%2Ftags&post=944"}],"curies":[{"name":"wp","href":"https:\/\/api.w.org\/{rel}","templated":true}]}}