{"id":942,"date":"2006-01-02T17:32:45","date_gmt":"2006-01-02T16:32:45","guid":{"rendered":"http:\/\/heijbel.wordpress.com\/2006\/01\/02\/nyhetsbrev-13-genombrott-2005"},"modified":"2006-01-02T17:32:45","modified_gmt":"2006-01-02T16:32:45","slug":"nyhetsbrev-13-genombrott-2005","status":"publish","type":"post","link":"https:\/\/storytellers.se\/?p=942","title":{"rendered":"Nyhetsbrev 13: Genombrott 2005"},"content":{"rendered":"<p>Jag har skickat Nyhetsbrev 13 till n\u00e4ra 700 prenumeranter i dag. Det handlar om att 2005 blev n\u00e5got av ett brett genombrotts\u00e5r i f\u00f6retag och p\u00e5 universitet och h\u00f6gskolor. Storytellers.se har nu haft 30.000 bes\u00f6kare och trafiken \u00e4r t\u00e4t p\u00e5 webbplatsen.<\/p>\n<p><!--more--><br \/>\nM\u00e5nga av er som prenumererar p\u00e5 nyhetsbrevet fr\u00e5n<br \/>\nStorytellers.se har varit inne p\u00e5 de h\u00e4r tankarna sen<br \/>\nflera \u00e5r.<br \/>\nMen nu g\u00e5r verkligen lavinen. Jag kontaktas  flera<br \/>\ng\u00e5nger i veckan av studenter, f\u00f6retag, organisationer<br \/>\noch media.<br \/>\nMina f\u00f6rsta kurser i \u00e4mnet h\u00f6ll jag f\u00f6r drygt tre \u00e5r sedan<br \/>\noch de f\u00f6rsta projekten i f\u00f6retag genomf\u00f6rde jag kring<br \/>\ntusen\u00e5rsskiftet.<br \/>\n\u00c4nd\u00e5 m\u00e5ste jag allts\u00e5 s\u00e4ga att 2005 blev n\u00e5got av ett<br \/>\ngenombrotts\u00e5r. Pionj\u00e4rerna har gjort sitt. Tankarna<br \/>\nmognar och Corporate Storytelling skiljer allt tydligare<br \/>\nut sig fr\u00e5n andra klassiska kommunikationskanaler<br \/>\noch kommunikationsl\u00f6sningar.<br \/>\nNu kommer de f\u00f6rsta universitetsutbildningarna i<br \/>\nSverige och nyligen beslutades att det blir en<br \/>\ntre-terminers s\u00e5 kallad KY-utbildning vid V\u00e4xj\u00f6<br \/>\nUniversitets Videum Science Park med b\u00f6rjan h\u00f6sten<br \/>\n2006.<br \/>\nI november var jag f\u00f6rel\u00e4sare i Corporate Storytelling<br \/>\nvid Lule\u00e5 Tekniska Universitet som genomf\u00f6r en 5<br \/>\npo\u00e4ngsutbildning med den h\u00e4r profilen. Jag<br \/>\ng\u00e4stf\u00f6rel\u00e4ser ocks\u00e5 h\u00e4r och d\u00e4r p\u00e5 h\u00f6gskolor och<br \/>\nuniversitet.<br \/>\nSteve Denning den internationella gurun p\u00e5 omr\u00e5det<br \/>\nsom f\u00f6rr var knowledge manager p\u00e5 V\u00e4rldsbanken<br \/>\nreser sen flera \u00e5r runt p\u00e5 universitet  runt om i v\u00e4rlden<br \/>\noch f\u00f6rel\u00e4ser i \u00e4mnet.<br \/>\n++++++++++++++++++++++++++++++<br \/>\nDet som \u00e4r sv\u00e5rast att hantera i de h\u00e4r<br \/>\nsammanhangen \u00e4r de eviga fr\u00e5gorna om sanning och<br \/>\nverklighet.<br \/>\nM\u00e5nga tycker dessutom att de har h\u00e5llit p\u00e5 med<br \/>\nstorytelling i alla tider och att de minsann visste det h\u00e4r<br \/>\nf\u00f6re alla andra.<br \/>\nJournalister s\u00e4ger ibland att det \u00e4r de som \u00e4r<br \/>\nsamh\u00e4llets storytellers. Ber\u00e4ttarr\u00f6relsen s\u00e4ger att den<br \/>\nf\u00f6rvaltar det ur\u00e5ldriga storytellandet. L\u00e4rare s\u00e4ger att<br \/>\ndet h\u00e4r \u00e4r klassisk pedagogik.<br \/>\nReklamare s\u00e4ger ibland att de kan det h\u00e4r och det \u00e4r<br \/>\nl\u00f6jligt att tala om sanning och verklighet. Det viktigaste<br \/>\n\u00e4r att f\u00e5 till n\u00e5got som g\u00f6r s\u00e4ljande nytta. P\u00e5hittat eller<br \/>\ninte.<br \/>\nF\u00f6r mig \u00e4r det hela glasklart. Corporate Storytelling<br \/>\nhandlar om att s\u00f6ka, finna, f\u00f6rpacka och exploatera<br \/>\nber\u00e4ttelserna som en organisation upplever som sina<br \/>\nsanna stories, Ber\u00e4ttelserna finns och de lever i<br \/>\norganisationens ber\u00e4ttarkapital.<br \/>\nDen d\u00e4r diskussionen p\u00e5g\u00e5r l\u00f6pande p\u00e5 storytellers.se<br \/>\noch tack vara bloggformatet s\u00e5 kan vem som helst<br \/>\ndelta i diskussionen.<br \/>\nDet \u00e4r klart att det alltid i fiolosofisk akademisk mening<br \/>\n\u00e4r sv\u00e5rt att tala entydigt om sanning och verklighet. Men<br \/>\nh\u00e4r handlar det om att \u00e5stadkomma n\u00e5got och att ge<br \/>\nsig i kast med arbetslivet och dess ber\u00e4ttelser och d\u00e5<br \/>\nm\u00e5ste man ta sig fram\u00e5t utan att fastna i f\u00f6rlamande<br \/>\nl\u00e5sningar och diskussioner om sant och falskt.<br \/>\n++++++++++++++++++++++++++++++<br \/>\nVet du f\u00f6rresten hur Nicorettes skapelseber\u00e4ttelse<br \/>\nl\u00e5ter? Det b\u00f6rjade ombord p\u00e5 en svensk u-b\u00e5t p\u00e5<br \/>\n60-talet. En del av bes\u00e4ttningen var grinig och irriterad.<br \/>\n\u00c4nda till de kom ut i friska luften och fick sig ett bloss.<br \/>\nL\u00e4s mer om den sanna ber\u00e4ttelsen p\u00e5 storytellers.se<br \/>\n++++++++++++++++++++++++++++++<br \/>\nJag som skriver det h\u00e4r brevet heter Matts Heijbel. Jag<br \/>\nansvarar f\u00f6r storytellers.se och du har antingen anm\u00e4lt<br \/>\ndig sj\u00e4lv eller s\u00e5 har du g\u00e5tt n\u00e5gon av mina kurser.<br \/>\nAnnars \u00e4r du helt enkelt en av mina v\u00e4nner.<br \/>\nVill du inte vara med s\u00e5 \u00e4r det bara att skriva nej tack till<br \/>\ninfo@storytellers.se<br \/>\nH\u00e4lsn Matts Heijbel<br \/>\nStockolm 2 januari 2006<\/p>\n","protected":false},"excerpt":{"rendered":"<p>Jag har skickat Nyhetsbrev 13 till n\u00e4ra 700 prenumeranter i dag. Det handlar om att 2005 blev n\u00e5got av ett brett genombrotts\u00e5r i f\u00f6retag och p\u00e5 universitet och h\u00f6gskolor. Storytellers.se har nu haft 30.000 bes\u00f6kare och trafiken \u00e4r t\u00e4t p\u00e5 webbplatsen.<\/p>\n","protected":false},"author":2,"featured_media":0,"comment_status":"open","ping_status":"closed","sticky":false,"template":"","format":"standard","meta":[],"categories":[8],"tags":[],"_links":{"self":[{"href":"https:\/\/storytellers.se\/index.php?rest_route=\/wp\/v2\/posts\/942"}],"collection":[{"href":"https:\/\/storytellers.se\/index.php?rest_route=\/wp\/v2\/posts"}],"about":[{"href":"https:\/\/storytellers.se\/index.php?rest_route=\/wp\/v2\/types\/post"}],"author":[{"embeddable":true,"href":"https:\/\/storytellers.se\/index.php?rest_route=\/wp\/v2\/users\/2"}],"replies":[{"embeddable":true,"href":"https:\/\/storytellers.se\/index.php?rest_route=%2Fwp%2Fv2%2Fcomments&post=942"}],"version-history":[{"count":0,"href":"https:\/\/storytellers.se\/index.php?rest_route=\/wp\/v2\/posts\/942\/revisions"}],"wp:attachment":[{"href":"https:\/\/storytellers.se\/index.php?rest_route=%2Fwp%2Fv2%2Fmedia&parent=942"}],"wp:term":[{"taxonomy":"category","embeddable":true,"href":"https:\/\/storytellers.se\/index.php?rest_route=%2Fwp%2Fv2%2Fcategories&post=942"},{"taxonomy":"post_tag","embeddable":true,"href":"https:\/\/storytellers.se\/index.php?rest_route=%2Fwp%2Fv2%2Ftags&post=942"}],"curies":[{"name":"wp","href":"https:\/\/api.w.org\/{rel}","templated":true}]}}