{"id":940,"date":"2006-01-01T12:43:25","date_gmt":"2006-01-01T11:43:25","guid":{"rendered":"http:\/\/heijbel.wordpress.com\/2006\/01\/01\/storytelling-dramaturgi-i-vaxjo"},"modified":"2006-01-01T12:43:25","modified_gmt":"2006-01-01T11:43:25","slug":"storytelling-dramaturgi-i-vaxjo","status":"publish","type":"post","link":"https:\/\/storytellers.se\/?p=940","title":{"rendered":"Storytelling &amp; dramaturgi i V\u00e4xj\u00f6"},"content":{"rendered":"<p>NBI &#8211; Nordic Business Institute <a href=\"http:\/\/www.nbi.se\">http:\/\/nbi.se<\/a> har f\u00e5tt klartecken f\u00f6r sin Kvalificerade Yrkesutbildning Storytelling och Dramaturgi i V\u00e4xj\u00f6. Kursen str\u00e4cker \u00f6ver tre terminer och b\u00f6rjar h\u00f6sten 2006.<\/p>\n<p><!--more--><br \/>\nMatts Heijbel har varit r\u00e5dfr\u00e5gad i samband med att NBI skissade p\u00e5 uppl\u00e4gget.<br \/>\nHur utformar man en historia som tr\u00e4nger igenom informationsbruset? Hur kan man b\u00e4st anv\u00e4nda den nya tekniken?<br \/>\nUtbildningen kommer bland annat att inneh\u00e5lla kurser i storytelling, kreativt t\u00e4nkande, svenska spr\u00e5ket, formgivning, produktion och dramaturgi. En stor del av utbildningen kommer dessutom att vara arbetslivsf\u00f6rlagd.<br \/>\nSVT Syd st\u00f6der utbildningen och hoppas att den ska kunna stimulera produktion av morgondagens TV. M\u00e5nga andra f\u00f6retagen och organisationer i regionen har visat intresse f\u00f6r utbildningen.<br \/>\nStoytellers.se har redan skrivit om detta se:<br \/>\n<a href=\"http:\/\/www.storytellers.se\/txt\/archives\/2005\/09\/ky-utbildning_i.html\">http<\/p>\n","protected":false},"excerpt":{"rendered":"<p>NBI &#8211; Nordic Business Institute http:\/\/nbi.se har f\u00e5tt klartecken f\u00f6r sin Kvalificerade Yrkesutbildning Storytelling och Dramaturgi i V\u00e4xj\u00f6. Kursen str\u00e4cker \u00f6ver tre terminer och b\u00f6rjar h\u00f6sten 2006.<\/p>\n","protected":false},"author":2,"featured_media":0,"comment_status":"open","ping_status":"closed","sticky":false,"template":"","format":"standard","meta":[],"categories":[9],"tags":[],"_links":{"self":[{"href":"https:\/\/storytellers.se\/index.php?rest_route=\/wp\/v2\/posts\/940"}],"collection":[{"href":"https:\/\/storytellers.se\/index.php?rest_route=\/wp\/v2\/posts"}],"about":[{"href":"https:\/\/storytellers.se\/index.php?rest_route=\/wp\/v2\/types\/post"}],"author":[{"embeddable":true,"href":"https:\/\/storytellers.se\/index.php?rest_route=\/wp\/v2\/users\/2"}],"replies":[{"embeddable":true,"href":"https:\/\/storytellers.se\/index.php?rest_route=%2Fwp%2Fv2%2Fcomments&post=940"}],"version-history":[{"count":0,"href":"https:\/\/storytellers.se\/index.php?rest_route=\/wp\/v2\/posts\/940\/revisions"}],"wp:attachment":[{"href":"https:\/\/storytellers.se\/index.php?rest_route=%2Fwp%2Fv2%2Fmedia&parent=940"}],"wp:term":[{"taxonomy":"category","embeddable":true,"href":"https:\/\/storytellers.se\/index.php?rest_route=%2Fwp%2Fv2%2Fcategories&post=940"},{"taxonomy":"post_tag","embeddable":true,"href":"https:\/\/storytellers.se\/index.php?rest_route=%2Fwp%2Fv2%2Ftags&post=940"}],"curies":[{"name":"wp","href":"https:\/\/api.w.org\/{rel}","templated":true}]}}