{"id":938,"date":"2005-12-30T11:54:15","date_gmt":"2005-12-30T10:54:15","guid":{"rendered":"http:\/\/heijbel.wordpress.com\/2005\/12\/30\/vada-sanning"},"modified":"2005-12-30T11:54:15","modified_gmt":"2005-12-30T10:54:15","slug":"vada-sanning","status":"publish","type":"post","link":"https:\/\/storytellers.se\/?p=938","title":{"rendered":"Vad\u00e5 sanning?"},"content":{"rendered":"<p>Fr\u00e5ga:<br \/>\nJag k\u00e4nner mig inte helt bekv\u00e4m med skrivningar som &#8221;sanning&#8221; och &#8221;verklighet&#8221;, \u00e4r nog lite f\u00f6r mycket relativist f\u00f6r det. Jag betraktar sanning som prelimin\u00e4r och ofta (alltid?) sponsrad.<\/p>\n<p><!--more--><br \/>\nSvar:<br \/>\nDetta \u00e4r en av de vanligaste fr\u00e5gorna jag f\u00e5r. Fr\u00e5gor om sanning och verklighet. Vems sanning? I vems intresse och s\u00e5 vidare. Jag tycker diskussionen \u00e4r v\u00e4ldigt central men den kan ocks\u00e5 vara v\u00e4ldigt f\u00f6rlamande om man h\u00e5ller p\u00e5 med Corporate Storytelling i praktiken.<br \/>\nJag har d\u00e4rf\u00f6r som min devis, helt frankt: Befolka varum\u00e4rket &#8211; verkligheten duger! Jag s\u00e4ger dessutom att det ska vara de sanna ber\u00e4ttelserna &#8211; inte en massa p\u00e5hitt.<br \/>\nVad menar jag d\u00e5 med det?<br \/>\nJo, jag sk\u00f6rdar fr\u00e5n ett kulturkapital som en annan uppt\u00e4cksresande. Om Dr Livingstone inte v\u00e5gade tro p\u00e5 det han s\u00e5g eller ber\u00e4tta om det han h\u00f6rde eller fr\u00e5ga om det han fr\u00e5gade s\u00e5 hade han aldrig kunnat beskriva de kulturer han beskrev.<br \/>\nJag \u00e4r som en Livingstone och utg\u00e5r fr\u00e5n att ber\u00e4ttelserna finns. Jag vet allts\u00e5 vad jag s\u00f6ker efter och jag v\u00e4ljer och jag \u00e5terber\u00e4ttar det som m\u00e4nniskorna bakom varum\u00e4rket upplever som sin nuvarande sanning om sig sj\u00e4lva.<br \/>\nDet handlar allts\u00e5 inte om sanningen inf\u00f6r fr\u00e5n Gud och evigheten. Det handlar om en specifik organisationskultur med ett specifikt kultur- och ber\u00e4ttarkapital och om m\u00e4nniskornas specifika ber\u00e4ttelser om sig sj\u00e4lva och vad de h\u00e5ller p\u00e5 med och vart de vill n\u00e5.<br \/>\nVarje organisation har d\u00e5 sina sanningar som de beh\u00f6ver f\u00f6r att \u00e5stadkomma n\u00e5got och det \u00e4r dessa jag sk\u00f6rdar. Om de sen f\u00f6r\u00e4ndras \u00f6ver tiden s\u00e5 blir de tidigare sanningarna s\u00e5 att s\u00e4ga organisationes historia. D\u00e5 t\u00e4nkte vi s\u00e5. S\u00e5 sa vi d\u00e5. Men det \u00e4r inte osant f\u00f6r det. De olika bilderna skriver i sj\u00e4lva verket organisationens historia i realtid.<br \/>\nS\u00e5 med sanning och verklighet menar jag, i dessa sammanhang, de bilder av verkligheten som h\u00e5ller en grupp samman. Jag beh\u00f6ver inte hitta p\u00e5. Jag beh\u00f6ver inte sitta kring ett kreativt bord och kl\u00e4cka p\u00e5hittade scenarier. Allt finns ju redan d\u00e4r. Verkligheten duger!<br \/>\nT\u00e4nker man s\u00e5 s\u00e5 \u00e4r det bara att ta fram macheten, s\u00e4tta p\u00e5 tropikhj\u00e4lmen och unders\u00f6ka organisationen i marknadsdjungeln. F\u00f6rh\u00f6ra sig om och studera organisationens v\u00e4rdegrund och exploatera de medverkandes och deras intressenters ber\u00e4ttarkapital.<br \/>\nDet handlar allts\u00e5 inte om Uppdrag granskning eller Uppdrag sanningsanalys. Det handlar om att befolka varum\u00e4rket med deras egen upplevda verklighet.<br \/>\nAtt sen organisationen har en ledning vars uppgift \u00e4r att driva p\u00e5 och arbeta med v\u00e4rderingar och liknande tycker jag \u00e4r sj\u00e4lvklart. Liksom att det \u00e4r de som betalar mina fakturor.<br \/>\nAprop\u00e5 relativismen s\u00e5 l\u00e4ser jag i inledningen av en text av Lars Bergstr\u00f6m aprop\u00e5 Relativism i Filosofisk Tidskrift 1\/1998 f\u00f6ljande:<br \/>\n&#8221;Olika sociala grupper och klasser, liksom olika kulturer och historiska epoker, har i allm\u00e4nhet olika perspektiv p\u00e5 tillvaron eller olika t\u00e4nkes\u00e4tt, och d\u00e4rf\u00f6r har de ocks\u00e5 olika kunskap. N\u00e4r olika kulturers kunskaper kommer i konflikt eller dramatiskt skiljer sig \u00e5t &#8211; vilket de ofta tycks g\u00f6ra &#8211; s\u00e5 beh\u00f6ver detta inte betyda att det \u00e4r n\u00e5got fel p\u00e5 n\u00e5gon av dessa kunskaper. Det finns ingen universell m\u00e5ttstock med vars hj\u00e4lp man kan avg\u00f6ra vem som har r\u00e4tt och vem som har fel, ingen objektiv sanning. Vad som \u00e4r fel f\u00f6r den ene kan mycket v\u00e4l vara r\u00e4tt f\u00f6r den andre. Kunskap har s\u00e5 att s\u00e4ga endast &#8221;lokal&#8221; giltighet.&#8221;<br \/>\nJag tycker den filosofiska betraktelsen av Lars Bergstr\u00f6m duger gott som grund f\u00f6r arbetet att leta upp olika gruppers sanningar och kunskaper om vad de h\u00e5ller p\u00e5 med.<\/p>\n","protected":false},"excerpt":{"rendered":"<p>Fr\u00e5ga: Jag k\u00e4nner mig inte helt bekv\u00e4m med skrivningar som &#8221;sanning&#8221; och &#8221;verklighet&#8221;, \u00e4r nog lite f\u00f6r mycket relativist f\u00f6r det. Jag betraktar sanning som prelimin\u00e4r och ofta (alltid?) sponsrad.<\/p>\n","protected":false},"author":2,"featured_media":0,"comment_status":"open","ping_status":"closed","sticky":false,"template":"","format":"standard","meta":[],"categories":[6],"tags":[],"_links":{"self":[{"href":"https:\/\/storytellers.se\/index.php?rest_route=\/wp\/v2\/posts\/938"}],"collection":[{"href":"https:\/\/storytellers.se\/index.php?rest_route=\/wp\/v2\/posts"}],"about":[{"href":"https:\/\/storytellers.se\/index.php?rest_route=\/wp\/v2\/types\/post"}],"author":[{"embeddable":true,"href":"https:\/\/storytellers.se\/index.php?rest_route=\/wp\/v2\/users\/2"}],"replies":[{"embeddable":true,"href":"https:\/\/storytellers.se\/index.php?rest_route=%2Fwp%2Fv2%2Fcomments&post=938"}],"version-history":[{"count":0,"href":"https:\/\/storytellers.se\/index.php?rest_route=\/wp\/v2\/posts\/938\/revisions"}],"wp:attachment":[{"href":"https:\/\/storytellers.se\/index.php?rest_route=%2Fwp%2Fv2%2Fmedia&parent=938"}],"wp:term":[{"taxonomy":"category","embeddable":true,"href":"https:\/\/storytellers.se\/index.php?rest_route=%2Fwp%2Fv2%2Fcategories&post=938"},{"taxonomy":"post_tag","embeddable":true,"href":"https:\/\/storytellers.se\/index.php?rest_route=%2Fwp%2Fv2%2Ftags&post=938"}],"curies":[{"name":"wp","href":"https:\/\/api.w.org\/{rel}","templated":true}]}}