{"id":936,"date":"2005-12-27T17:06:29","date_gmt":"2005-12-27T16:06:29","guid":{"rendered":"http:\/\/heijbel.wordpress.com\/2005\/12\/27\/trana-pa-barnen"},"modified":"2005-12-27T17:06:29","modified_gmt":"2005-12-27T16:06:29","slug":"trana-pa-barnen","status":"publish","type":"post","link":"https:\/\/storytellers.se\/?p=936","title":{"rendered":"Tr\u00e4na p\u00e5 barnen"},"content":{"rendered":"<p>Man s\u00e4ger ofta att det i alla tider har varit kring l\u00e4gereldarna som m\u00e4nniskor har ber\u00e4ttat f\u00f6r varandra och f\u00f6rt \u00f6ver kunskaper och v\u00e4rderingar till varandra. Jag har tr\u00e4nat p\u00e5 mina barn.<\/p>\n<p><!--more--><br \/>\nMina tv\u00e5 yngsta barn \u00e4r f\u00f6dda p\u00e5 90-talet. D\u00e5 hade jag l\u00e4st s\u00e5 m\u00e5nga sagob\u00f6cker f\u00f6r de \u00e4ldre barnen att jag var less p\u00e5 dessa eviga sedel\u00e4rande ber\u00e4ttelser som finns f\u00e5ngade i sagoformaten.<br \/>\nJag best\u00e4mde mig f\u00f6r att jag skulle ber\u00e4tta muntligt f\u00f6r mina yngsta ist\u00e4llet. Jag skulle ber\u00e4tta om sanna h\u00e4ndelser ur mitt liv. Minimalistiskt ber\u00e4ttade jag om n\u00e4r jag slogs p\u00e5 skolg\u00e5rden med den d\u00e4r dumma killen. Om f\u00f6rsta blosset. Om n\u00e4r jag snattade ett \u00e4rtr\u00f6r och en ballong. Om n\u00e4r jag var k\u00e4r f\u00f6rsta g\u00e5ngen. Om n\u00e4r mina storabr\u00f6der br\u00e5kade. Om n\u00e4r min cykel blev stulen. Om n\u00e4r jag var r\u00e4dd f\u00f6r kriget. Och s\u00e5 vidare.<br \/>\nJag m\u00e4rkte att de blev oerh\u00f6rt fascinerade och att de sj\u00e4lva b\u00f6rjade ber\u00e4tta &#8211; vilket de fortfarande g\u00f6r. Jag m\u00e4rkte att de ville ha mer och mer. Och jag har m\u00e4rkt nu p\u00e5 senare \u00e5r att detta har bundit oss n\u00e4ra varandra. De k\u00e4nner mig utan och innan. Eftersom jag alltid talade sanning &#8211; lite \u00f6verdrifter kanske men sanning &#8211; s\u00e5 beh\u00f6vde jag inte tynga hj\u00e4rnan med att komma ih\u00e5g mina eventuella l\u00f6gner.<br \/>\nF\u00f6r mig blev det d\u00e4r en tr\u00e4ning som banade v\u00e4g f\u00f6r Corporate Storytelling. En tr\u00e4ning i att ber\u00e4tta. Det k\u00e4ndes som att jag str\u00e4ckte mig bak\u00e5t i historien bort  bortom IT-bubblan, Jag \u00e5terupptog ber\u00e4ttandet som f\u00f6rekommit p\u00e5 detta vis i alla tider och alla kulturer.<br \/>\nProva sj\u00e4lv med egna eller andras barn. Eller med dina v\u00e4nner. M\u00e5la med klara f\u00e4rger. Ber\u00e4tta s\u00e5 att de ser framf\u00f6r sig hur det s\u00e5g ut och hur det l\u00e4t. Bjud p\u00e5 dig sj\u00e4lv. D\u00e5 m\u00e4rker du snart vilken stor energi som ligger i ber\u00e4ttandet fr\u00e5n en m\u00e4nniska till andra. Och hur de sj\u00e4lva b\u00f6rjar ber\u00e4tta.<\/p>\n","protected":false},"excerpt":{"rendered":"<p>Man s\u00e4ger ofta att det i alla tider har varit kring l\u00e4gereldarna som m\u00e4nniskor har ber\u00e4ttat f\u00f6r varandra och f\u00f6rt \u00f6ver kunskaper och v\u00e4rderingar till varandra. Jag har tr\u00e4nat p\u00e5 mina barn.<\/p>\n","protected":false},"author":2,"featured_media":0,"comment_status":"open","ping_status":"closed","sticky":false,"template":"","format":"standard","meta":[],"categories":[2],"tags":[],"_links":{"self":[{"href":"https:\/\/storytellers.se\/index.php?rest_route=\/wp\/v2\/posts\/936"}],"collection":[{"href":"https:\/\/storytellers.se\/index.php?rest_route=\/wp\/v2\/posts"}],"about":[{"href":"https:\/\/storytellers.se\/index.php?rest_route=\/wp\/v2\/types\/post"}],"author":[{"embeddable":true,"href":"https:\/\/storytellers.se\/index.php?rest_route=\/wp\/v2\/users\/2"}],"replies":[{"embeddable":true,"href":"https:\/\/storytellers.se\/index.php?rest_route=%2Fwp%2Fv2%2Fcomments&post=936"}],"version-history":[{"count":0,"href":"https:\/\/storytellers.se\/index.php?rest_route=\/wp\/v2\/posts\/936\/revisions"}],"wp:attachment":[{"href":"https:\/\/storytellers.se\/index.php?rest_route=%2Fwp%2Fv2%2Fmedia&parent=936"}],"wp:term":[{"taxonomy":"category","embeddable":true,"href":"https:\/\/storytellers.se\/index.php?rest_route=%2Fwp%2Fv2%2Fcategories&post=936"},{"taxonomy":"post_tag","embeddable":true,"href":"https:\/\/storytellers.se\/index.php?rest_route=%2Fwp%2Fv2%2Ftags&post=936"}],"curies":[{"name":"wp","href":"https:\/\/api.w.org\/{rel}","templated":true}]}}