{"id":932,"date":"2005-12-21T11:37:38","date_gmt":"2005-12-21T10:37:38","guid":{"rendered":"http:\/\/heijbel.wordpress.com\/2005\/12\/21\/vagverket-kor-corporate-storytelling"},"modified":"2005-12-21T11:37:38","modified_gmt":"2005-12-21T10:37:38","slug":"vagverket-kor-corporate-storytelling","status":"publish","type":"post","link":"https:\/\/storytellers.se\/?p=932","title":{"rendered":"V\u00e4gverket k\u00f6r Corporate Storytelling"},"content":{"rendered":"<p>V\u00e4gverket satsar tillsammans med Matts Heijbel p\u00e5 att hitta viktiga kultur- och v\u00e4rderingsb\u00e4rande ber\u00e4ttelser i arbetet med att utveckla myndigheten i samklang med det p\u00e5g\u00e5ende v\u00e4rdegrundsarbetet.<\/p>\n<p><!--more--><br \/>\nDet b\u00f6rjade redan under h\u00f6sten 2005 men forts\u00e4tter vintern och v\u00e5ren 2006 med en omfattande storysk\u00f6rdarrunda i hela landet. Ambitionen \u00e4r att kunna finna ber\u00e4ttelser som exemplifierar och kl\u00e4r de tagna v\u00e4rdegrunden i korta, sanna och dramaturgiskt f\u00f6rpackade ber\u00e4ttelser.<br \/>\nV\u00e4gverket befinner sig precis som flera andra myndigheter i en fas d\u00e4r man, enkelt uttryckt, g\u00e5r fr\u00e5n regelbaserad myndighetsut\u00f6vare till kundorienterad samh\u00e4llsakt\u00f6r.<br \/>\nBitr informationsdirekt\u00f6ren Christer H\u00e5rrskog \u00e4r starkt p\u00e5drivande och ledningsgruppen under ledning av generaldirekt\u00f6ren st\u00e5r bakom projektet att skildra och driva p\u00e5 V\u00e4gverket med Corporate Storytelling.<br \/>\nBer\u00e4ttelserna ska kunna anv\u00e4ndas i internkommunikationen, rekryteringsarbetet och i arbetet med att bygga bilden av V\u00e4gverket i omv\u00e4rlden.<\/p>\n","protected":false},"excerpt":{"rendered":"<p>V\u00e4gverket satsar tillsammans med Matts Heijbel p\u00e5 att hitta viktiga kultur- och v\u00e4rderingsb\u00e4rande ber\u00e4ttelser i arbetet med att utveckla myndigheten i samklang med det p\u00e5g\u00e5ende v\u00e4rdegrundsarbetet.<\/p>\n","protected":false},"author":2,"featured_media":0,"comment_status":"open","ping_status":"closed","sticky":false,"template":"","format":"standard","meta":[],"categories":[4],"tags":[],"_links":{"self":[{"href":"https:\/\/storytellers.se\/index.php?rest_route=\/wp\/v2\/posts\/932"}],"collection":[{"href":"https:\/\/storytellers.se\/index.php?rest_route=\/wp\/v2\/posts"}],"about":[{"href":"https:\/\/storytellers.se\/index.php?rest_route=\/wp\/v2\/types\/post"}],"author":[{"embeddable":true,"href":"https:\/\/storytellers.se\/index.php?rest_route=\/wp\/v2\/users\/2"}],"replies":[{"embeddable":true,"href":"https:\/\/storytellers.se\/index.php?rest_route=%2Fwp%2Fv2%2Fcomments&post=932"}],"version-history":[{"count":0,"href":"https:\/\/storytellers.se\/index.php?rest_route=\/wp\/v2\/posts\/932\/revisions"}],"wp:attachment":[{"href":"https:\/\/storytellers.se\/index.php?rest_route=%2Fwp%2Fv2%2Fmedia&parent=932"}],"wp:term":[{"taxonomy":"category","embeddable":true,"href":"https:\/\/storytellers.se\/index.php?rest_route=%2Fwp%2Fv2%2Fcategories&post=932"},{"taxonomy":"post_tag","embeddable":true,"href":"https:\/\/storytellers.se\/index.php?rest_route=%2Fwp%2Fv2%2Ftags&post=932"}],"curies":[{"name":"wp","href":"https:\/\/api.w.org\/{rel}","templated":true}]}}