{"id":920,"date":"2005-12-14T10:13:17","date_gmt":"2005-12-14T09:13:17","guid":{"rendered":"http:\/\/heijbel.wordpress.com\/2005\/12\/14\/delaval"},"modified":"2005-12-14T10:13:17","modified_gmt":"2005-12-14T09:13:17","slug":"delaval","status":"publish","type":"post","link":"https:\/\/storytellers.se\/?p=920","title":{"rendered":"DeLaval"},"content":{"rendered":"<p>I f\u00f6rra veckan tr\u00e4ffade jag DeLavals centrala kommunikationsavdelning. DeLaval byggdes &#8211; och byggs -liksom Europas katedraler, av en m\u00e4ngd kreativa m\u00e4nniskor. De har nu, sen starten p\u00e5 1870-talet, skapat ett f\u00f6retag som finns spritt \u00f6ver hela v\u00e4rlden. DeLavals kommunikat\u00f6rer \u00e4r intresserade av Corporate Storytelling, inte bara f\u00f6r att visa sin historia utan ocks\u00e5 f\u00f6r att synligg\u00f6ra nuet och framtiden.<\/p>\n","protected":false},"excerpt":{"rendered":"<p>I f\u00f6rra veckan tr\u00e4ffade jag DeLavals centrala kommunikationsavdelning. DeLaval byggdes &#8211; och byggs -liksom Europas katedraler, av en m\u00e4ngd kreativa m\u00e4nniskor. De har nu, sen starten p\u00e5 1870-talet, skapat ett f\u00f6retag som finns spritt \u00f6ver hela v\u00e4rlden. DeLavals kommunikat\u00f6rer \u00e4r intresserade av Corporate Storytelling, inte bara f\u00f6r att visa sin historia utan ocks\u00e5 f\u00f6r att&#8230;<\/p>\n","protected":false},"author":2,"featured_media":0,"comment_status":"open","ping_status":"closed","sticky":false,"template":"","format":"standard","meta":[],"categories":[2],"tags":[],"_links":{"self":[{"href":"https:\/\/storytellers.se\/index.php?rest_route=\/wp\/v2\/posts\/920"}],"collection":[{"href":"https:\/\/storytellers.se\/index.php?rest_route=\/wp\/v2\/posts"}],"about":[{"href":"https:\/\/storytellers.se\/index.php?rest_route=\/wp\/v2\/types\/post"}],"author":[{"embeddable":true,"href":"https:\/\/storytellers.se\/index.php?rest_route=\/wp\/v2\/users\/2"}],"replies":[{"embeddable":true,"href":"https:\/\/storytellers.se\/index.php?rest_route=%2Fwp%2Fv2%2Fcomments&post=920"}],"version-history":[{"count":0,"href":"https:\/\/storytellers.se\/index.php?rest_route=\/wp\/v2\/posts\/920\/revisions"}],"wp:attachment":[{"href":"https:\/\/storytellers.se\/index.php?rest_route=%2Fwp%2Fv2%2Fmedia&parent=920"}],"wp:term":[{"taxonomy":"category","embeddable":true,"href":"https:\/\/storytellers.se\/index.php?rest_route=%2Fwp%2Fv2%2Fcategories&post=920"},{"taxonomy":"post_tag","embeddable":true,"href":"https:\/\/storytellers.se\/index.php?rest_route=%2Fwp%2Fv2%2Ftags&post=920"}],"curies":[{"name":"wp","href":"https:\/\/api.w.org\/{rel}","templated":true}]}}