{"id":910,"date":"2005-12-06T14:38:11","date_gmt":"2005-12-06T13:38:11","guid":{"rendered":"http:\/\/heijbel.wordpress.com\/2005\/12\/06\/privat-storytelling"},"modified":"2005-12-06T14:38:11","modified_gmt":"2005-12-06T13:38:11","slug":"privat-storytelling","status":"publish","type":"post","link":"https:\/\/storytellers.se\/?p=910","title":{"rendered":"Privat storytelling"},"content":{"rendered":"<p>Fr\u00e5ga:<br \/>\nKan man h\u00e5lla p\u00e5 med storytelling i familjen, bland v\u00e4nnerna eller helt enkelt n\u00e4r man talar om sig sj\u00e4lv? I s\u00e5 fall vilken \u00e4r skillnaden mellan privat storytelling och privat samtal?<\/p>\n<p><!--more--><br \/>\nSvar:<br \/>\nDet d\u00e4r \u00e4r en sp\u00e4nnande fr\u00e5ga som griper in i oss b\u00e5de som yrkesm\u00e4nniskor och som privatpersoner. L\u00e5t mig b\u00f6rja med arbetslivet som ju dominerar omr\u00e5det Corporate Storytelling.<br \/>\nJag s\u00e4ger att organisationen beh\u00f6ver exploatera ber\u00e4ttelser ur sitt kultur- eller ber\u00e4ttarkapital. Detta f\u00f6r att visa var f\u00f6retaget eller organisationen kommer ifr\u00e5n, var den befinner sig just nu och vart den \u00e4r p\u00e5 v\u00e4g. S\u00e5 bygger man och befolkar varum\u00e4rket. Kompletterar siffror, diagram och prestanda med sanna befolkade bilder ur verkligheten. Talar till hj\u00e4rtat lika mycket som till hj\u00e4rnan.<br \/>\nHur \u00e4r det d\u00e5 i familjen? Jo det \u00e4r klart att familjen ocks\u00e5 har sina ber\u00e4ttelser. D\u00e5 menar jag konkreta kulturb\u00e4rande ber\u00e4ttelser snarare \u00e4n prestandaber\u00e4ttelser om inkomster, \u00e4godelar eller examina.<br \/>\nS\u00e5 h\u00e4r g\u00f6r vi. Det h\u00e4r skrattar vi \u00e5t. Det h\u00e4r \u00e4r typiskt f\u00f6r v\u00e5r familj. Dit\u00e5t str\u00e4var vi och s\u00e5 vidare. Det \u00e4r ett familjeber\u00e4ttande. I filmiska scener kan vi ber\u00e4tta om vad som \u00e4r typiskt hos oss. Vad vi gillar och ogillar.<br \/>\nDet helt personliga eller rent av privata ber\u00e4ttandet handlar p\u00e5 samma s\u00e4tt om att bekanta sig sj\u00e4lv med sina viktigaste ber\u00e4ttelser. Den h\u00e4ndelsen fick en avg\u00f6rande betydelse f\u00f6r mitt liv. Jag minns n\u00e4r jag tr\u00e4ffade henne f\u00f6rsta g\u00e5ngen. D\u00e4rf\u00f6r blev jag ingenj\u00f6r eller journalist eller socialarbetare eller sk\u00e5despelare. Det var den speciella h\u00e4ndelsen i mitt liv som avgjorde.<br \/>\nEn visionsber\u00e4ttelse f\u00f6r ett f\u00f6retag kan vara en ber\u00e4ttelse om vad f\u00f6retaget hoppas av framtiden. F\u00f6r en person eller en familj kan det vara en vision eller dr\u00f6m om vad jag g\u00f6r om tv\u00e5 \u00e5r. D\u00e5 bor jag i ett radhus med liten gr\u00e4smatta. Jag arbetar med &#8230;.<br \/>\nDet finns f\u00f6rst\u00e5s anledning att reflektera \u00f6ver sina egna b\u00e4rande ber\u00e4ttelser ocks\u00e5. Inte minst i relation till det liv man lever nu och det arbete man har. En m\u00e4nniska med f\u00e4rgstarka ber\u00e4ttelser blir attraktiv och bef\u00f6lkar ett f\u00f6retags varum\u00e4rke.<br \/>\nEtt privat samtal med en god v\u00e4n eller med sin partner intellektualiserar ofta vardagen och talar f\u00f6rnuftigt och logiskt om vad som h\u00e4nder. Privat storytelling s\u00e4tter in ber\u00e4ttaren i ett bildrikt sammanhang fyllt av k\u00e4nslor och reflektioner d\u00e4r han eller hon agerar i en milj\u00f6 och ett sammanhang. Man m\u00e5lar filmiskt med starka f\u00e4rger och grov pensel.<\/p>\n","protected":false},"excerpt":{"rendered":"<p>Fr\u00e5ga: Kan man h\u00e5lla p\u00e5 med storytelling i familjen, bland v\u00e4nnerna eller helt enkelt n\u00e4r man talar om sig sj\u00e4lv? I s\u00e5 fall vilken \u00e4r skillnaden mellan privat storytelling och privat samtal?<\/p>\n","protected":false},"author":2,"featured_media":0,"comment_status":"open","ping_status":"closed","sticky":false,"template":"","format":"standard","meta":[],"categories":[6],"tags":[],"_links":{"self":[{"href":"https:\/\/storytellers.se\/index.php?rest_route=\/wp\/v2\/posts\/910"}],"collection":[{"href":"https:\/\/storytellers.se\/index.php?rest_route=\/wp\/v2\/posts"}],"about":[{"href":"https:\/\/storytellers.se\/index.php?rest_route=\/wp\/v2\/types\/post"}],"author":[{"embeddable":true,"href":"https:\/\/storytellers.se\/index.php?rest_route=\/wp\/v2\/users\/2"}],"replies":[{"embeddable":true,"href":"https:\/\/storytellers.se\/index.php?rest_route=%2Fwp%2Fv2%2Fcomments&post=910"}],"version-history":[{"count":0,"href":"https:\/\/storytellers.se\/index.php?rest_route=\/wp\/v2\/posts\/910\/revisions"}],"wp:attachment":[{"href":"https:\/\/storytellers.se\/index.php?rest_route=%2Fwp%2Fv2%2Fmedia&parent=910"}],"wp:term":[{"taxonomy":"category","embeddable":true,"href":"https:\/\/storytellers.se\/index.php?rest_route=%2Fwp%2Fv2%2Fcategories&post=910"},{"taxonomy":"post_tag","embeddable":true,"href":"https:\/\/storytellers.se\/index.php?rest_route=%2Fwp%2Fv2%2Ftags&post=910"}],"curies":[{"name":"wp","href":"https:\/\/api.w.org\/{rel}","templated":true}]}}