{"id":906,"date":"2005-12-02T14:35:27","date_gmt":"2005-12-02T13:35:27","guid":{"rendered":"http:\/\/heijbel.wordpress.com\/2005\/12\/02\/den-artige-mannen-i-gropen"},"modified":"2005-12-02T14:35:27","modified_gmt":"2005-12-02T13:35:27","slug":"den-artige-mannen-i-gropen","status":"publish","type":"post","link":"https:\/\/storytellers.se\/?p=906","title":{"rendered":"Den artige mannen i gropen"},"content":{"rendered":"<p>Jag h\u00f6rde nyligen en ber\u00e4ttelse fr\u00e5n den kommunala verkligheten. Bakgrunden var att den kommunala personalen hade g\u00e5tt p\u00e5 kurs f\u00f6r att l\u00e4ra sig se medborgarna som kunder och uppdragsgivare. Alla skulle d\u00e4rf\u00f6r, menade kommunledningen, vara artiga, trevliga, positiva och serviceinriktade mot kommuninv\u00e5narna.<\/p>\n<p><!--more--><br \/>\nJourtelefonen ringde g\u00e5ng p\u00e5 g\u00e5ng en morgon p\u00e5 Vattenverket i en sydsvensk kommun. Ett helt villaomr\u00e5de verkade vara utan vatten. Kommunens experter f\u00f6rstod direkt att det m\u00e5ste vara en l\u00e4cka n\u00e5gonstans s\u00e5 man gav sig s\u00e5 fort man kunde ut f\u00f6r att hitta platsen d\u00e4r man beh\u00f6vde gr\u00e4va och laga vattenledningen.<br \/>\nDet var senh\u00f6st. Bl\u00e5sigt och regnigt. Men man hittade snart platsen, kallade p\u00e5 en mindre gr\u00e4vmaskin och gr\u00e4vde sig ned till den l\u00e4ckande ledningen. Flera m\u00e4n arbetade sen med spadar och instrument i lerv\u00e4llingen f\u00f6r att fril\u00e4gga det skadade r\u00f6ret s\u00e5 man kunde laga l\u00e4ckan.<br \/>\nKlockan blev tre p\u00e5 eftermiddagen, fyra, fem och sex. H\u00e4r g\u00e4llde de att bli klar till varje pris. V\u00e5ta och huttrande arbetade m\u00e4nnen vidare f\u00f6r att f\u00e5 fram friskt vatten till villa\u00e4garna.<br \/>\nEn kvinna som bodde i villan n\u00e4rmast gropen d\u00e4r m\u00e4nnen jobbade passerade f\u00f6rbi och gick in i sin villa. Hon fr\u00e5gade i f\u00f6rbig\u00e5ende vad de gjorde och muttrade n\u00e5got om fula gropar i hennes gata.<br \/>\nEfter ett tag kom hon ut och sa irriterat:<br \/>\n\u2013 Blir ni inte klara n\u00e5n g\u00e5ng? Jag  m\u00e5ste koka potatis!<br \/>\nD\u00e5 rann n\u00e4stan sinnet p\u00e5 m\u00e4nnen i gropen. J-a k\u00e4rr&#8230;nej hur var det nu. Kunden? Service! Hon \u00e4r skattebetalare och finansierar den kommunala verksamheten. Hon \u00e4ger faktiskt kommunen&#8230;<br \/>\n&#8230;s\u00e5 en av m\u00e4nnen som huttrade i fuktiga kl\u00e4der efter mer \u00e4n 8 timmar i gropen svarade artigt:<br \/>\n\u2013 Kanske frun kunde steka potatisen ist\u00e4llet :+)<br \/>\nBer\u00e4ttelsen l\u00e4r vara sann. S\u00e5 \u00e4ven verkligheten har sina po\u00e4nger och sensmoraler.<\/p>\n","protected":false},"excerpt":{"rendered":"<p>Jag h\u00f6rde nyligen en ber\u00e4ttelse fr\u00e5n den kommunala verkligheten. Bakgrunden var att den kommunala personalen hade g\u00e5tt p\u00e5 kurs f\u00f6r att l\u00e4ra sig se medborgarna som kunder och uppdragsgivare. Alla skulle d\u00e4rf\u00f6r, menade kommunledningen, vara artiga, trevliga, positiva och serviceinriktade mot kommuninv\u00e5narna.<\/p>\n","protected":false},"author":2,"featured_media":0,"comment_status":"open","ping_status":"closed","sticky":false,"template":"","format":"standard","meta":[],"categories":[10],"tags":[],"_links":{"self":[{"href":"https:\/\/storytellers.se\/index.php?rest_route=\/wp\/v2\/posts\/906"}],"collection":[{"href":"https:\/\/storytellers.se\/index.php?rest_route=\/wp\/v2\/posts"}],"about":[{"href":"https:\/\/storytellers.se\/index.php?rest_route=\/wp\/v2\/types\/post"}],"author":[{"embeddable":true,"href":"https:\/\/storytellers.se\/index.php?rest_route=\/wp\/v2\/users\/2"}],"replies":[{"embeddable":true,"href":"https:\/\/storytellers.se\/index.php?rest_route=%2Fwp%2Fv2%2Fcomments&post=906"}],"version-history":[{"count":0,"href":"https:\/\/storytellers.se\/index.php?rest_route=\/wp\/v2\/posts\/906\/revisions"}],"wp:attachment":[{"href":"https:\/\/storytellers.se\/index.php?rest_route=%2Fwp%2Fv2%2Fmedia&parent=906"}],"wp:term":[{"taxonomy":"category","embeddable":true,"href":"https:\/\/storytellers.se\/index.php?rest_route=%2Fwp%2Fv2%2Fcategories&post=906"},{"taxonomy":"post_tag","embeddable":true,"href":"https:\/\/storytellers.se\/index.php?rest_route=%2Fwp%2Fv2%2Ftags&post=906"}],"curies":[{"name":"wp","href":"https:\/\/api.w.org\/{rel}","templated":true}]}}