{"id":902,"date":"2005-11-30T13:02:24","date_gmt":"2005-11-30T12:02:24","guid":{"rendered":"http:\/\/heijbel.wordpress.com\/2005\/11\/30\/akademiska-poang-i-norr"},"modified":"2005-11-30T13:02:24","modified_gmt":"2005-11-30T12:02:24","slug":"akademiska-poang-i-norr","status":"publish","type":"post","link":"https:\/\/storytellers.se\/?p=902","title":{"rendered":"Akademiska po\u00e4ng i norr"},"content":{"rendered":"<p>Storytelling inom medie- och upplevelseproduktion kallas den 5-po\u00e4ngskurs som p\u00e5b\u00f6rjades i m\u00e5nadsskiftet oktober\/november och d\u00e4r jag, Matts Heijbel, nu f\u00f6rel\u00e4ser i \u00e4mnet Corporate Storytelling. Ansvarig \u00e4r Lule\u00e5 Tekniska Universitet och utbildningen genomf\u00f6rs i Musikh\u00f6gskolans lokaler i Pite\u00e5. Ansvarig examinator \u00e4r Hansi Gelter, hans.gelter@ltu.se<\/p>\n","protected":false},"excerpt":{"rendered":"<p>Storytelling inom medie- och upplevelseproduktion kallas den 5-po\u00e4ngskurs som p\u00e5b\u00f6rjades i m\u00e5nadsskiftet oktober\/november och d\u00e4r jag, Matts Heijbel, nu f\u00f6rel\u00e4ser i \u00e4mnet Corporate Storytelling. Ansvarig \u00e4r Lule\u00e5 Tekniska Universitet och utbildningen genomf\u00f6rs i Musikh\u00f6gskolans lokaler i Pite\u00e5. Ansvarig examinator \u00e4r Hansi Gelter, hans.gelter@ltu.se<\/p>\n","protected":false},"author":2,"featured_media":0,"comment_status":"open","ping_status":"closed","sticky":false,"template":"","format":"standard","meta":[],"categories":[5],"tags":[],"_links":{"self":[{"href":"https:\/\/storytellers.se\/index.php?rest_route=\/wp\/v2\/posts\/902"}],"collection":[{"href":"https:\/\/storytellers.se\/index.php?rest_route=\/wp\/v2\/posts"}],"about":[{"href":"https:\/\/storytellers.se\/index.php?rest_route=\/wp\/v2\/types\/post"}],"author":[{"embeddable":true,"href":"https:\/\/storytellers.se\/index.php?rest_route=\/wp\/v2\/users\/2"}],"replies":[{"embeddable":true,"href":"https:\/\/storytellers.se\/index.php?rest_route=%2Fwp%2Fv2%2Fcomments&post=902"}],"version-history":[{"count":0,"href":"https:\/\/storytellers.se\/index.php?rest_route=\/wp\/v2\/posts\/902\/revisions"}],"wp:attachment":[{"href":"https:\/\/storytellers.se\/index.php?rest_route=%2Fwp%2Fv2%2Fmedia&parent=902"}],"wp:term":[{"taxonomy":"category","embeddable":true,"href":"https:\/\/storytellers.se\/index.php?rest_route=%2Fwp%2Fv2%2Fcategories&post=902"},{"taxonomy":"post_tag","embeddable":true,"href":"https:\/\/storytellers.se\/index.php?rest_route=%2Fwp%2Fv2%2Ftags&post=902"}],"curies":[{"name":"wp","href":"https:\/\/api.w.org\/{rel}","templated":true}]}}