{"id":900,"date":"2005-11-30T12:38:24","date_gmt":"2005-11-30T11:38:24","guid":{"rendered":"http:\/\/heijbel.wordpress.com\/2005\/11\/30\/mix-public-relations"},"modified":"2005-11-30T12:38:24","modified_gmt":"2005-11-30T11:38:24","slug":"mix-public-relations","status":"publish","type":"post","link":"https:\/\/storytellers.se\/?p=900","title":{"rendered":"Mix Public Relations"},"content":{"rendered":"<p>Den 5 december ska jag f\u00f6rel\u00e4sa om Corporate Storytelling f\u00f6r PR-byr\u00e5n Mix Public Relations. De intresserar sig f\u00f6r de speciella perspektiv som det inneb\u00e4r att anv\u00e4nda organisationers och f\u00f6retags sanna v\u00e4rderingsb\u00e4rande ber\u00e4ttelser. Mix Public Relations \u00e4r specialiserade inom medicin &amp; h\u00e4lsa.<\/p>\n","protected":false},"excerpt":{"rendered":"<p>Den 5 december ska jag f\u00f6rel\u00e4sa om Corporate Storytelling f\u00f6r PR-byr\u00e5n Mix Public Relations. De intresserar sig f\u00f6r de speciella perspektiv som det inneb\u00e4r att anv\u00e4nda organisationers och f\u00f6retags sanna v\u00e4rderingsb\u00e4rande ber\u00e4ttelser. Mix Public Relations \u00e4r specialiserade inom medicin &amp; h\u00e4lsa.<\/p>\n","protected":false},"author":2,"featured_media":0,"comment_status":"open","ping_status":"closed","sticky":false,"template":"","format":"standard","meta":[],"categories":[9],"tags":[],"_links":{"self":[{"href":"https:\/\/storytellers.se\/index.php?rest_route=\/wp\/v2\/posts\/900"}],"collection":[{"href":"https:\/\/storytellers.se\/index.php?rest_route=\/wp\/v2\/posts"}],"about":[{"href":"https:\/\/storytellers.se\/index.php?rest_route=\/wp\/v2\/types\/post"}],"author":[{"embeddable":true,"href":"https:\/\/storytellers.se\/index.php?rest_route=\/wp\/v2\/users\/2"}],"replies":[{"embeddable":true,"href":"https:\/\/storytellers.se\/index.php?rest_route=%2Fwp%2Fv2%2Fcomments&post=900"}],"version-history":[{"count":0,"href":"https:\/\/storytellers.se\/index.php?rest_route=\/wp\/v2\/posts\/900\/revisions"}],"wp:attachment":[{"href":"https:\/\/storytellers.se\/index.php?rest_route=%2Fwp%2Fv2%2Fmedia&parent=900"}],"wp:term":[{"taxonomy":"category","embeddable":true,"href":"https:\/\/storytellers.se\/index.php?rest_route=%2Fwp%2Fv2%2Fcategories&post=900"},{"taxonomy":"post_tag","embeddable":true,"href":"https:\/\/storytellers.se\/index.php?rest_route=%2Fwp%2Fv2%2Ftags&post=900"}],"curies":[{"name":"wp","href":"https:\/\/api.w.org\/{rel}","templated":true}]}}