{"id":894,"date":"2005-11-21T17:49:12","date_gmt":"2005-11-21T16:49:12","guid":{"rendered":"http:\/\/heijbel.wordpress.com\/2005\/11\/21\/for-kompetensutvecklare"},"modified":"2005-11-21T17:49:12","modified_gmt":"2005-11-21T16:49:12","slug":"for-kompetensutvecklare","status":"publish","type":"post","link":"https:\/\/storytellers.se\/?p=894","title":{"rendered":"F\u00f6r kompetensutvecklare"},"content":{"rendered":"<p>Den 24 november h\u00e5ller jag en halvdag f\u00f6r ett n\u00e4tverkverk av kompetensutvecklare p\u00e5 Pa-forum i Stockholm. Hur kan man sk\u00f6rda i ber\u00e4ttarkapitalet f\u00f6r att anv\u00e4nda ber\u00e4ttelser vid introduktion, kompetenss\u00e4kring fr\u00e5n \u00e4ldre medarbetare och f\u00f6r att beskriva organisationen via dess m\u00e4nniskor ist\u00e4llet f\u00f6r via produkter och tj\u00e4nster? Det kommer det att handla om.<\/p>\n","protected":false},"excerpt":{"rendered":"<p>Den 24 november h\u00e5ller jag en halvdag f\u00f6r ett n\u00e4tverkverk av kompetensutvecklare p\u00e5 Pa-forum i Stockholm. Hur kan man sk\u00f6rda i ber\u00e4ttarkapitalet f\u00f6r att anv\u00e4nda ber\u00e4ttelser vid introduktion, kompetenss\u00e4kring fr\u00e5n \u00e4ldre medarbetare och f\u00f6r att beskriva organisationen via dess m\u00e4nniskor ist\u00e4llet f\u00f6r via produkter och tj\u00e4nster? Det kommer det att handla om.<\/p>\n","protected":false},"author":2,"featured_media":0,"comment_status":"open","ping_status":"closed","sticky":false,"template":"","format":"standard","meta":[],"categories":[9],"tags":[],"_links":{"self":[{"href":"https:\/\/storytellers.se\/index.php?rest_route=\/wp\/v2\/posts\/894"}],"collection":[{"href":"https:\/\/storytellers.se\/index.php?rest_route=\/wp\/v2\/posts"}],"about":[{"href":"https:\/\/storytellers.se\/index.php?rest_route=\/wp\/v2\/types\/post"}],"author":[{"embeddable":true,"href":"https:\/\/storytellers.se\/index.php?rest_route=\/wp\/v2\/users\/2"}],"replies":[{"embeddable":true,"href":"https:\/\/storytellers.se\/index.php?rest_route=%2Fwp%2Fv2%2Fcomments&post=894"}],"version-history":[{"count":0,"href":"https:\/\/storytellers.se\/index.php?rest_route=\/wp\/v2\/posts\/894\/revisions"}],"wp:attachment":[{"href":"https:\/\/storytellers.se\/index.php?rest_route=%2Fwp%2Fv2%2Fmedia&parent=894"}],"wp:term":[{"taxonomy":"category","embeddable":true,"href":"https:\/\/storytellers.se\/index.php?rest_route=%2Fwp%2Fv2%2Fcategories&post=894"},{"taxonomy":"post_tag","embeddable":true,"href":"https:\/\/storytellers.se\/index.php?rest_route=%2Fwp%2Fv2%2Ftags&post=894"}],"curies":[{"name":"wp","href":"https:\/\/api.w.org\/{rel}","templated":true}]}}