{"id":892,"date":"2005-11-20T16:25:55","date_gmt":"2005-11-20T15:25:55","guid":{"rendered":"http:\/\/heijbel.wordpress.com\/2005\/11\/20\/stockholms-universitet-2"},"modified":"2005-11-20T16:25:55","modified_gmt":"2005-11-20T15:25:55","slug":"stockholms-universitet-2","status":"publish","type":"post","link":"https:\/\/storytellers.se\/?p=892","title":{"rendered":"Stockholms universitet"},"content":{"rendered":"<p>Den 21 november p\u00e5 eftermiddagen talar jag inf\u00f6r blivande HR-proffs p\u00e5 Pao-programmet vid Stockholms Universitet. Speciell uppm\u00e4rksamhet kommer att l\u00e4ggas vid gr\u00e4nssnitten kommunikation\/HR\/PR och hur human resourcem\u00e4nniskor kan anv\u00e4nda sig verktyget storytelling.<\/p>\n","protected":false},"excerpt":{"rendered":"<p>Den 21 november p\u00e5 eftermiddagen talar jag inf\u00f6r blivande HR-proffs p\u00e5 Pao-programmet vid Stockholms Universitet. Speciell uppm\u00e4rksamhet kommer att l\u00e4ggas vid gr\u00e4nssnitten kommunikation\/HR\/PR och hur human resourcem\u00e4nniskor kan anv\u00e4nda sig verktyget storytelling.<\/p>\n","protected":false},"author":2,"featured_media":0,"comment_status":"open","ping_status":"closed","sticky":false,"template":"","format":"standard","meta":[],"categories":[9],"tags":[],"_links":{"self":[{"href":"https:\/\/storytellers.se\/index.php?rest_route=\/wp\/v2\/posts\/892"}],"collection":[{"href":"https:\/\/storytellers.se\/index.php?rest_route=\/wp\/v2\/posts"}],"about":[{"href":"https:\/\/storytellers.se\/index.php?rest_route=\/wp\/v2\/types\/post"}],"author":[{"embeddable":true,"href":"https:\/\/storytellers.se\/index.php?rest_route=\/wp\/v2\/users\/2"}],"replies":[{"embeddable":true,"href":"https:\/\/storytellers.se\/index.php?rest_route=%2Fwp%2Fv2%2Fcomments&post=892"}],"version-history":[{"count":0,"href":"https:\/\/storytellers.se\/index.php?rest_route=\/wp\/v2\/posts\/892\/revisions"}],"wp:attachment":[{"href":"https:\/\/storytellers.se\/index.php?rest_route=%2Fwp%2Fv2%2Fmedia&parent=892"}],"wp:term":[{"taxonomy":"category","embeddable":true,"href":"https:\/\/storytellers.se\/index.php?rest_route=%2Fwp%2Fv2%2Fcategories&post=892"},{"taxonomy":"post_tag","embeddable":true,"href":"https:\/\/storytellers.se\/index.php?rest_route=%2Fwp%2Fv2%2Ftags&post=892"}],"curies":[{"name":"wp","href":"https:\/\/api.w.org\/{rel}","templated":true}]}}