{"id":890,"date":"2005-11-19T16:19:19","date_gmt":"2005-11-19T15:19:19","guid":{"rendered":"http:\/\/heijbel.wordpress.com\/2005\/11\/19\/kth-och-marknaden"},"modified":"2005-11-19T16:19:19","modified_gmt":"2005-11-19T15:19:19","slug":"kth-och-marknaden","status":"publish","type":"post","link":"https:\/\/storytellers.se\/?p=890","title":{"rendered":"KTH och marknaden"},"content":{"rendered":"<p>Den 21 november ska jag ha den f\u00f6rsta tr\u00e4ffen med Kungliga Tekniska H\u00f6gskolan och ett antal forskare p\u00e5 Institutionen f\u00f6r materialvetenskap. Professor P\u00e4r J\u00f6nsson och KTH:s Avdelning f\u00f6r externa relationer har tanken att vi ska arbeta med b\u00e5de KTH-bilden och med de doktorerande forskarnas personliga varum\u00e4rken. Detta f\u00f6r att st\u00f6dja studenterna och f\u00f6r att synligg\u00f6ra nyttan med KTH. Faller projektet v\u00e4l ut kommer perspektiven l\u00e4ngre fram att integreras i utbildningen.<\/p>\n","protected":false},"excerpt":{"rendered":"<p>Den 21 november ska jag ha den f\u00f6rsta tr\u00e4ffen med Kungliga Tekniska H\u00f6gskolan och ett antal forskare p\u00e5 Institutionen f\u00f6r materialvetenskap. Professor P\u00e4r J\u00f6nsson och KTH:s Avdelning f\u00f6r externa relationer har tanken att vi ska arbeta med b\u00e5de KTH-bilden och med de doktorerande forskarnas personliga varum\u00e4rken. Detta f\u00f6r att st\u00f6dja studenterna och f\u00f6r att synligg\u00f6ra&#8230;<\/p>\n","protected":false},"author":2,"featured_media":0,"comment_status":"open","ping_status":"closed","sticky":false,"template":"","format":"standard","meta":[],"categories":[9],"tags":[],"_links":{"self":[{"href":"https:\/\/storytellers.se\/index.php?rest_route=\/wp\/v2\/posts\/890"}],"collection":[{"href":"https:\/\/storytellers.se\/index.php?rest_route=\/wp\/v2\/posts"}],"about":[{"href":"https:\/\/storytellers.se\/index.php?rest_route=\/wp\/v2\/types\/post"}],"author":[{"embeddable":true,"href":"https:\/\/storytellers.se\/index.php?rest_route=\/wp\/v2\/users\/2"}],"replies":[{"embeddable":true,"href":"https:\/\/storytellers.se\/index.php?rest_route=%2Fwp%2Fv2%2Fcomments&post=890"}],"version-history":[{"count":0,"href":"https:\/\/storytellers.se\/index.php?rest_route=\/wp\/v2\/posts\/890\/revisions"}],"wp:attachment":[{"href":"https:\/\/storytellers.se\/index.php?rest_route=%2Fwp%2Fv2%2Fmedia&parent=890"}],"wp:term":[{"taxonomy":"category","embeddable":true,"href":"https:\/\/storytellers.se\/index.php?rest_route=%2Fwp%2Fv2%2Fcategories&post=890"},{"taxonomy":"post_tag","embeddable":true,"href":"https:\/\/storytellers.se\/index.php?rest_route=%2Fwp%2Fv2%2Ftags&post=890"}],"curies":[{"name":"wp","href":"https:\/\/api.w.org\/{rel}","templated":true}]}}