{"id":876,"date":"2005-11-03T12:34:25","date_gmt":"2005-11-03T11:34:25","guid":{"rendered":"http:\/\/heijbel.wordpress.com\/2005\/11\/03\/vattenfalls-berattarkapital"},"modified":"2005-11-03T12:34:25","modified_gmt":"2005-11-03T11:34:25","slug":"vattenfalls-berattarkapital","status":"publish","type":"post","link":"https:\/\/storytellers.se\/?p=876","title":{"rendered":"Vattenfalls ber\u00e4ttarkapital"},"content":{"rendered":"<p>Den 7 november h\u00e5ller Matts Heijbel ett f\u00f6rmiddagsseminarium p\u00e5 Vattenfalls huvudkontor i R\u00e5cksta. Temat \u00e4r att inspirera Vattenfalls olika kommunikat\u00f6rer att f\u00e5 syn p\u00e5 och anv\u00e4nda Vattenfalls ber\u00e4ttarkapital i kommunikationen.<\/p>\n","protected":false},"excerpt":{"rendered":"<p>Den 7 november h\u00e5ller Matts Heijbel ett f\u00f6rmiddagsseminarium p\u00e5 Vattenfalls huvudkontor i R\u00e5cksta. Temat \u00e4r att inspirera Vattenfalls olika kommunikat\u00f6rer att f\u00e5 syn p\u00e5 och anv\u00e4nda Vattenfalls ber\u00e4ttarkapital i kommunikationen.<\/p>\n","protected":false},"author":2,"featured_media":0,"comment_status":"open","ping_status":"closed","sticky":false,"template":"","format":"standard","meta":[],"categories":[9],"tags":[],"_links":{"self":[{"href":"https:\/\/storytellers.se\/index.php?rest_route=\/wp\/v2\/posts\/876"}],"collection":[{"href":"https:\/\/storytellers.se\/index.php?rest_route=\/wp\/v2\/posts"}],"about":[{"href":"https:\/\/storytellers.se\/index.php?rest_route=\/wp\/v2\/types\/post"}],"author":[{"embeddable":true,"href":"https:\/\/storytellers.se\/index.php?rest_route=\/wp\/v2\/users\/2"}],"replies":[{"embeddable":true,"href":"https:\/\/storytellers.se\/index.php?rest_route=%2Fwp%2Fv2%2Fcomments&post=876"}],"version-history":[{"count":0,"href":"https:\/\/storytellers.se\/index.php?rest_route=\/wp\/v2\/posts\/876\/revisions"}],"wp:attachment":[{"href":"https:\/\/storytellers.se\/index.php?rest_route=%2Fwp%2Fv2%2Fmedia&parent=876"}],"wp:term":[{"taxonomy":"category","embeddable":true,"href":"https:\/\/storytellers.se\/index.php?rest_route=%2Fwp%2Fv2%2Fcategories&post=876"},{"taxonomy":"post_tag","embeddable":true,"href":"https:\/\/storytellers.se\/index.php?rest_route=%2Fwp%2Fv2%2Ftags&post=876"}],"curies":[{"name":"wp","href":"https:\/\/api.w.org\/{rel}","templated":true}]}}