{"id":874,"date":"2005-11-01T16:12:23","date_gmt":"2005-11-01T15:12:23","guid":{"rendered":"http:\/\/heijbel.wordpress.com\/2005\/11\/01\/mangfaldsstories"},"modified":"2005-11-01T16:12:23","modified_gmt":"2005-11-01T15:12:23","slug":"mangfaldsstories","status":"publish","type":"post","link":"https:\/\/storytellers.se\/?p=874","title":{"rendered":"M\u00e5ngfaldsstories"},"content":{"rendered":"<p>Jag har en god v\u00e4n som arbetar med storytelling ur m\u00e5ngfaldsperspektiv. Han letar ber\u00e4ttelser som gjort skillnad i svenskt arbetsliv. D\u00e4r medarbetarnas olika bakgrunder varit en tillg\u00e5ng. Som den h\u00e4r: En g\u00e5ng f\u00f6r n\u00e5got \u00e5r sen kom en invandrarman inrusande i receptionen p\u00e5 ett svenskt f\u00f6rs\u00e4kringsbolag. Han var rasande&#8230;<\/p>\n<p><!--more--><br \/>\n&#8230;jag f\u00f6rst\u00e5r ingenting. Vad \u00e4r det ni vill med mig? ropade han med irrande och f\u00f6rtvivlad blick. Han hade f\u00e5tt n\u00e5gra f\u00f6rs\u00e4kringsbrev som han inte f\u00f6rstod och det hade kommit nya regler som varken han eller hans bekanta kunde uttyda.<br \/>\nInte hans svenska arbetskamrater heller.<br \/>\nMannen talade svenska men var i grunden persisktalande och kom ursprungligen fr\u00e5n Iran. Han tyckte att det svenska f\u00f6rs\u00e4kringssamh\u00e4llet var konstigt men han gjorde vad han kunde f\u00f6r att passa in i det nya landet.<br \/>\nMen nu, som sagt, rann sinnet p\u00e5 honom och han var d\u00e4r f\u00f6r att bryta alla relationer med detta idiotiska bolag. \u00d6ga mot \u00f6ga ville han s\u00e4ga sitt hj\u00e4rtas mening.<br \/>\nDen svenska f\u00f6rs\u00e4kringstj\u00e4nstemannen gjorde s\u00e5 gott han kunde f\u00f6r att f\u00f6rst\u00e5 dramat med den arge mannen.<br \/>\nEn f\u00f6rs\u00e4kringsanst\u00e4lld, en kvinna som just hade f\u00e5tt jobb p\u00e5 bolaget, satt samtidigt vid sin dator bakom en sk\u00e4rm l\u00e4ngre in i lokalen. Hon var den f\u00f6rsta med Iransk bakgrund som man rekryterat och hon h\u00f6rde hela br\u00e5ket.<br \/>\nHon hade kommit till Sverige som barn men kunde persiska och hon kunde klart h\u00f6ra att den arga kunden hade persisk brytning. S\u00e5 hon beslutade sig f\u00f6r att f\u00f6rs\u00f6ka l\u00f6sa det hela.<br \/>\nKom h\u00e4r, sa hon p\u00e5 persiska till mannen. Kom s\u00e5 g\u00e5r vi och tar en kopp te i personalrestauranten och pratar igenom det hela.<br \/>\nMannen blev paff och \u00f6verraskad \u00f6ver att finna en persisktalande p\u00e5 bolaget s\u00e5 han f\u00f6ljde med.<br \/>\nSen satt de tillsammans i s\u00e4kert en halvtime och avhandlade sina bakgrunder, svenskarna och deras f\u00f6rs\u00e4kringar och det aktuella f\u00f6rs\u00e4kringsbrevet som ingen kunnat f\u00f6rklara f\u00f6r honom. Slutligen var de p\u00e5 samma v\u00e4gl\u00e4ngd och kunde till och med skratta \u00e5t hela historien.<br \/>\nMannen tog d\u00e5 tillbaks sin upps\u00e4gning och dan efter kom han tillbaks till bolaget. Han hade d\u00e5 med sig familjens alla andra f\u00e4rs\u00e4kringar &#8211; inklusive barnf\u00f6rs\u00e4kringarna. Han ville nu ha dem samlade p\u00e5 samma bolag. P\u00e5 f\u00f6rs\u00e4krigsbolaget d\u00e4r det fanns en m\u00e4nniska som inte bara f\u00f6rstod hans situation utan ocks\u00e5 hans modersm\u00e5l.<\/p>\n","protected":false},"excerpt":{"rendered":"<p>Jag har en god v\u00e4n som arbetar med storytelling ur m\u00e5ngfaldsperspektiv. Han letar ber\u00e4ttelser som gjort skillnad i svenskt arbetsliv. D\u00e4r medarbetarnas olika bakgrunder varit en tillg\u00e5ng. Som den h\u00e4r: En g\u00e5ng f\u00f6r n\u00e5got \u00e5r sen kom en invandrarman inrusande i receptionen p\u00e5 ett svenskt f\u00f6rs\u00e4kringsbolag. Han var rasande&#8230;<\/p>\n","protected":false},"author":2,"featured_media":0,"comment_status":"open","ping_status":"closed","sticky":false,"template":"","format":"standard","meta":[],"categories":[2],"tags":[],"_links":{"self":[{"href":"https:\/\/storytellers.se\/index.php?rest_route=\/wp\/v2\/posts\/874"}],"collection":[{"href":"https:\/\/storytellers.se\/index.php?rest_route=\/wp\/v2\/posts"}],"about":[{"href":"https:\/\/storytellers.se\/index.php?rest_route=\/wp\/v2\/types\/post"}],"author":[{"embeddable":true,"href":"https:\/\/storytellers.se\/index.php?rest_route=\/wp\/v2\/users\/2"}],"replies":[{"embeddable":true,"href":"https:\/\/storytellers.se\/index.php?rest_route=%2Fwp%2Fv2%2Fcomments&post=874"}],"version-history":[{"count":0,"href":"https:\/\/storytellers.se\/index.php?rest_route=\/wp\/v2\/posts\/874\/revisions"}],"wp:attachment":[{"href":"https:\/\/storytellers.se\/index.php?rest_route=%2Fwp%2Fv2%2Fmedia&parent=874"}],"wp:term":[{"taxonomy":"category","embeddable":true,"href":"https:\/\/storytellers.se\/index.php?rest_route=%2Fwp%2Fv2%2Fcategories&post=874"},{"taxonomy":"post_tag","embeddable":true,"href":"https:\/\/storytellers.se\/index.php?rest_route=%2Fwp%2Fv2%2Ftags&post=874"}],"curies":[{"name":"wp","href":"https:\/\/api.w.org\/{rel}","templated":true}]}}