{"id":872,"date":"2005-10-31T16:31:00","date_gmt":"2005-10-31T15:31:00","guid":{"rendered":"http:\/\/heijbel.wordpress.com\/2005\/10\/31\/vagverksstories"},"modified":"2005-10-31T16:31:00","modified_gmt":"2005-10-31T15:31:00","slug":"vagverksstories","status":"publish","type":"post","link":"https:\/\/storytellers.se\/?p=872","title":{"rendered":"V\u00e4gverksstories"},"content":{"rendered":"<p>V\u00e4gverket har funnits sen f\u00f6rra halvan av 1800-talet. V\u00e4gar, v\u00e4gn\u00e4t, v\u00e4gf\u00e4rjor, fordonsfr\u00e5gor och mittr\u00e4cken har f\u00f6rst\u00e5s sina v\u00e4rderingskopplade stories. Inom kort ska Matts Heijbel tr\u00e4ffa ledningsgruppen och GD-staben f\u00f6r att diskutera om V\u00e4gverket och Corporate Storytelling.<\/p>\n","protected":false},"excerpt":{"rendered":"<p>V\u00e4gverket har funnits sen f\u00f6rra halvan av 1800-talet. V\u00e4gar, v\u00e4gn\u00e4t, v\u00e4gf\u00e4rjor, fordonsfr\u00e5gor och mittr\u00e4cken har f\u00f6rst\u00e5s sina v\u00e4rderingskopplade stories. Inom kort ska Matts Heijbel tr\u00e4ffa ledningsgruppen och GD-staben f\u00f6r att diskutera om V\u00e4gverket och Corporate Storytelling.<\/p>\n","protected":false},"author":2,"featured_media":0,"comment_status":"open","ping_status":"closed","sticky":false,"template":"","format":"standard","meta":[],"categories":[9],"tags":[],"_links":{"self":[{"href":"https:\/\/storytellers.se\/index.php?rest_route=\/wp\/v2\/posts\/872"}],"collection":[{"href":"https:\/\/storytellers.se\/index.php?rest_route=\/wp\/v2\/posts"}],"about":[{"href":"https:\/\/storytellers.se\/index.php?rest_route=\/wp\/v2\/types\/post"}],"author":[{"embeddable":true,"href":"https:\/\/storytellers.se\/index.php?rest_route=\/wp\/v2\/users\/2"}],"replies":[{"embeddable":true,"href":"https:\/\/storytellers.se\/index.php?rest_route=%2Fwp%2Fv2%2Fcomments&post=872"}],"version-history":[{"count":0,"href":"https:\/\/storytellers.se\/index.php?rest_route=\/wp\/v2\/posts\/872\/revisions"}],"wp:attachment":[{"href":"https:\/\/storytellers.se\/index.php?rest_route=%2Fwp%2Fv2%2Fmedia&parent=872"}],"wp:term":[{"taxonomy":"category","embeddable":true,"href":"https:\/\/storytellers.se\/index.php?rest_route=%2Fwp%2Fv2%2Fcategories&post=872"},{"taxonomy":"post_tag","embeddable":true,"href":"https:\/\/storytellers.se\/index.php?rest_route=%2Fwp%2Fv2%2Ftags&post=872"}],"curies":[{"name":"wp","href":"https:\/\/api.w.org\/{rel}","templated":true}]}}