{"id":868,"date":"2005-10-28T11:25:15","date_gmt":"2005-10-28T10:25:15","guid":{"rendered":"http:\/\/heijbel.wordpress.com\/2005\/10\/28\/arlanda-express"},"modified":"2005-10-28T11:25:15","modified_gmt":"2005-10-28T10:25:15","slug":"arlanda-express","status":"publish","type":"post","link":"https:\/\/storytellers.se\/?p=868","title":{"rendered":"Arlanda Express"},"content":{"rendered":"<p>Det g\u00e5r bra f\u00f6r Arlanda Express. Efter n\u00e5gra sv\u00e5ra \u00e5r \u00e4r det sk\u00f6rdetid. F\u00f6retagets VD Per Thorstenson har dragit ig\u00e5ng ett v\u00e4rderingsarbete och tycker nu att det ocks\u00e5 \u00e4r dags f\u00f6r en repertoar av Arlanda-Express-stories. Matts Heijbel och Moderna Filmers Magnus Helander har d\u00e4rf\u00f6r engagerats. Storytellerarbetet b\u00f6rjar inom kort.<\/p>\n","protected":false},"excerpt":{"rendered":"<p>Det g\u00e5r bra f\u00f6r Arlanda Express. Efter n\u00e5gra sv\u00e5ra \u00e5r \u00e4r det sk\u00f6rdetid. F\u00f6retagets VD Per Thorstenson har dragit ig\u00e5ng ett v\u00e4rderingsarbete och tycker nu att det ocks\u00e5 \u00e4r dags f\u00f6r en repertoar av Arlanda-Express-stories. Matts Heijbel och Moderna Filmers Magnus Helander har d\u00e4rf\u00f6r engagerats. Storytellerarbetet b\u00f6rjar inom kort.<\/p>\n","protected":false},"author":2,"featured_media":0,"comment_status":"open","ping_status":"closed","sticky":false,"template":"","format":"standard","meta":[],"categories":[9],"tags":[],"_links":{"self":[{"href":"https:\/\/storytellers.se\/index.php?rest_route=\/wp\/v2\/posts\/868"}],"collection":[{"href":"https:\/\/storytellers.se\/index.php?rest_route=\/wp\/v2\/posts"}],"about":[{"href":"https:\/\/storytellers.se\/index.php?rest_route=\/wp\/v2\/types\/post"}],"author":[{"embeddable":true,"href":"https:\/\/storytellers.se\/index.php?rest_route=\/wp\/v2\/users\/2"}],"replies":[{"embeddable":true,"href":"https:\/\/storytellers.se\/index.php?rest_route=%2Fwp%2Fv2%2Fcomments&post=868"}],"version-history":[{"count":0,"href":"https:\/\/storytellers.se\/index.php?rest_route=\/wp\/v2\/posts\/868\/revisions"}],"wp:attachment":[{"href":"https:\/\/storytellers.se\/index.php?rest_route=%2Fwp%2Fv2%2Fmedia&parent=868"}],"wp:term":[{"taxonomy":"category","embeddable":true,"href":"https:\/\/storytellers.se\/index.php?rest_route=%2Fwp%2Fv2%2Fcategories&post=868"},{"taxonomy":"post_tag","embeddable":true,"href":"https:\/\/storytellers.se\/index.php?rest_route=%2Fwp%2Fv2%2Ftags&post=868"}],"curies":[{"name":"wp","href":"https:\/\/api.w.org\/{rel}","templated":true}]}}