{"id":858,"date":"2005-10-20T13:38:02","date_gmt":"2005-10-20T12:38:02","guid":{"rendered":"http:\/\/heijbel.wordpress.com\/2005\/10\/20\/en-skapelseberattelse"},"modified":"2005-10-20T13:38:02","modified_gmt":"2005-10-20T12:38:02","slug":"en-skapelseberattelse","status":"publish","type":"post","link":"https:\/\/storytellers.se\/?p=858","title":{"rendered":"En skapelseber\u00e4ttelse"},"content":{"rendered":"<p>En form av ber\u00e4ttelser brukar jag kalla skapelseber\u00e4ttelser. Ibland handlar det om hur ett f\u00f6retag kom till. Eller en id\u00e9. Eller produktuvteckling. Om \u00f6gonblicket eller den speciella h\u00e4ndelsen. Jag h\u00f6rde att \u00d6ppen sk\u00e4rg\u00e5rd i Stockholms Sk\u00e4rg\u00e5rd till helgen drar ig\u00e5ng evenemanget Eld \u00f6ver hav och land. Jag fr\u00e5gade d\u00e5 sk\u00e4rg\u00e5rdsaktiva Bisse Alm om evenemangets skapelseber\u00e4ttelse. Ungef\u00e4r s\u00e5 h\u00e4r ber\u00e4ttade hon. L\u00e4s sj\u00e4lv.<\/p>\n<p><!--more--><br \/>\nTv\u00e5 stora m\u00e4n satt i v\u00e5ras en natt p\u00e5 strandgraniten i Stockholms sk\u00e4rg\u00e5rd. En eld sprakade mellan dem och natthimmelen var stj\u00e4rnklar. Det var m\u00f6rkt runt omkring dem. \u00d6stersj\u00f6doften k\u00e4ndes som parfym i deras n\u00e4sor. L\u00e5ngt ute vid horisonten skymtade visst ljusen fr\u00e5n ett fartyg.<br \/>\nDet \u00e4r s\u00e5 otroligt vackert och rofyllt, konstaterade sk\u00e4rg\u00e5rdsm\u00e4nnen och tyckte att detta borde fler \u00e4n de \u00e5retruntboende kunna f\u00e5 uppleva. P\u00e5 sommaren \u00e4r ju sk\u00e4rg\u00e5rden alltid fylld med folk. N\u00e4r h\u00f6sten kommer blir det tyst och m\u00f6rkt.<br \/>\nVi s\u00e4tter eld p\u00e5 sk\u00e4rg\u00e5rden n\u00e4r m\u00f6rkret kommer tillbaks i h\u00f6st, sa dom. Vi t\u00e4nder eldar p\u00e5 \u00f6arna och sl\u00e5r p\u00e5 trumman f\u00f6r att h\u00f6sten \u00e4r start p\u00e5 en ny s\u00e4song. Vinters\u00e4songen. Krogarna h\u00e5ller \u00f6ppet och folk kommer i extra sk\u00e4rg\u00e5rdsb\u00e5tar ut till eldfesten i sk\u00e4rg\u00e5rden genom h\u00f6stm\u00f6rkret.<br \/>\nSagt och gjort. Nu den 22 oktober 2005 b\u00f6rjar sk\u00e4rg\u00e5rden med \u201dEld \u00f6ver hav och land\u201d p\u00e5 n\u00e5gra \u00f6ar. N\u00e4sta \u00e5r vid samma tid ska hela sk\u00e4rg\u00e5rden lysa av eldar.<br \/>\nDet hela b\u00f6rjade allts\u00e5 en natt i v\u00e5ras n\u00e4r tv\u00e5 stora sk\u00e4rg\u00e5rdsm\u00e4n satt p\u00e5 strandgraniten\u2026<br \/>\nL\u00e4s mer p\u00e5 <a href=\"http:\/\/www.oppenskargard.se\">http:\/\/oppenskargard.se<\/a><\/p>\n","protected":false},"excerpt":{"rendered":"<p>En form av ber\u00e4ttelser brukar jag kalla skapelseber\u00e4ttelser. Ibland handlar det om hur ett f\u00f6retag kom till. Eller en id\u00e9. Eller produktuvteckling. Om \u00f6gonblicket eller den speciella h\u00e4ndelsen. Jag h\u00f6rde att \u00d6ppen sk\u00e4rg\u00e5rd i Stockholms Sk\u00e4rg\u00e5rd till helgen drar ig\u00e5ng evenemanget Eld \u00f6ver hav och land. Jag fr\u00e5gade d\u00e5 sk\u00e4rg\u00e5rdsaktiva Bisse Alm om evenemangets skapelseber\u00e4ttelse&#8230;.<\/p>\n","protected":false},"author":2,"featured_media":0,"comment_status":"open","ping_status":"closed","sticky":false,"template":"","format":"standard","meta":[],"categories":[2],"tags":[],"_links":{"self":[{"href":"https:\/\/storytellers.se\/index.php?rest_route=\/wp\/v2\/posts\/858"}],"collection":[{"href":"https:\/\/storytellers.se\/index.php?rest_route=\/wp\/v2\/posts"}],"about":[{"href":"https:\/\/storytellers.se\/index.php?rest_route=\/wp\/v2\/types\/post"}],"author":[{"embeddable":true,"href":"https:\/\/storytellers.se\/index.php?rest_route=\/wp\/v2\/users\/2"}],"replies":[{"embeddable":true,"href":"https:\/\/storytellers.se\/index.php?rest_route=%2Fwp%2Fv2%2Fcomments&post=858"}],"version-history":[{"count":0,"href":"https:\/\/storytellers.se\/index.php?rest_route=\/wp\/v2\/posts\/858\/revisions"}],"wp:attachment":[{"href":"https:\/\/storytellers.se\/index.php?rest_route=%2Fwp%2Fv2%2Fmedia&parent=858"}],"wp:term":[{"taxonomy":"category","embeddable":true,"href":"https:\/\/storytellers.se\/index.php?rest_route=%2Fwp%2Fv2%2Fcategories&post=858"},{"taxonomy":"post_tag","embeddable":true,"href":"https:\/\/storytellers.se\/index.php?rest_route=%2Fwp%2Fv2%2Ftags&post=858"}],"curies":[{"name":"wp","href":"https:\/\/api.w.org\/{rel}","templated":true}]}}