{"id":852,"date":"2005-10-14T12:12:06","date_gmt":"2005-10-14T11:12:06","guid":{"rendered":"http:\/\/heijbel.wordpress.com\/2005\/10\/14\/speciellt-for-hr"},"modified":"2005-10-14T12:12:06","modified_gmt":"2005-10-14T11:12:06","slug":"speciellt-for-hr","status":"publish","type":"post","link":"https:\/\/storytellers.se\/?p=852","title":{"rendered":"Speciellt f\u00f6r HR"},"content":{"rendered":"<p>Den 24 januari 2006 deltar Matts Heijbel i Ibceuroforums konferens Strategiska v\u00e4rdeskapande HR-processer. Matts rubrik \u00e4r Att kommunicera v\u00e4rderingar genom Corporate Storytelling. Konferensen p\u00e5g\u00e5r 24-25 januari och Matts talar p\u00e5 eftermiddagen dag 1.<br \/>\nL\u00e4s mer: <a href=\"http:\/\/www.ibceuroforum.se\/engis\/controller.jsp?&amp;product_language_id=20000001131&amp;view=product&amp;product_id=20001296116&amp;infopage=PROG\">http:\/\/ibceuroforum.se<\/a><\/p>\n","protected":false},"excerpt":{"rendered":"<p>Den 24 januari 2006 deltar Matts Heijbel i Ibceuroforums konferens Strategiska v\u00e4rdeskapande HR-processer. Matts rubrik \u00e4r Att kommunicera v\u00e4rderingar genom Corporate Storytelling. Konferensen p\u00e5g\u00e5r 24-25 januari och Matts talar p\u00e5 eftermiddagen dag 1. L\u00e4s mer: http:\/\/ibceuroforum.se<\/p>\n","protected":false},"author":2,"featured_media":0,"comment_status":"open","ping_status":"closed","sticky":false,"template":"","format":"standard","meta":[],"categories":[9],"tags":[],"_links":{"self":[{"href":"https:\/\/storytellers.se\/index.php?rest_route=\/wp\/v2\/posts\/852"}],"collection":[{"href":"https:\/\/storytellers.se\/index.php?rest_route=\/wp\/v2\/posts"}],"about":[{"href":"https:\/\/storytellers.se\/index.php?rest_route=\/wp\/v2\/types\/post"}],"author":[{"embeddable":true,"href":"https:\/\/storytellers.se\/index.php?rest_route=\/wp\/v2\/users\/2"}],"replies":[{"embeddable":true,"href":"https:\/\/storytellers.se\/index.php?rest_route=%2Fwp%2Fv2%2Fcomments&post=852"}],"version-history":[{"count":0,"href":"https:\/\/storytellers.se\/index.php?rest_route=\/wp\/v2\/posts\/852\/revisions"}],"wp:attachment":[{"href":"https:\/\/storytellers.se\/index.php?rest_route=%2Fwp%2Fv2%2Fmedia&parent=852"}],"wp:term":[{"taxonomy":"category","embeddable":true,"href":"https:\/\/storytellers.se\/index.php?rest_route=%2Fwp%2Fv2%2Fcategories&post=852"},{"taxonomy":"post_tag","embeddable":true,"href":"https:\/\/storytellers.se\/index.php?rest_route=%2Fwp%2Fv2%2Ftags&post=852"}],"curies":[{"name":"wp","href":"https:\/\/api.w.org\/{rel}","templated":true}]}}