{"id":850,"date":"2005-10-14T11:58:46","date_gmt":"2005-10-14T10:58:46","guid":{"rendered":"http:\/\/heijbel.wordpress.com\/2005\/10\/14\/informatorer-i-offentlig-verksamhet"},"modified":"2005-10-14T11:58:46","modified_gmt":"2005-10-14T10:58:46","slug":"informatorer-i-offentlig-verksamhet","status":"publish","type":"post","link":"https:\/\/storytellers.se\/?p=850","title":{"rendered":"Informat\u00f6rer i offentlig verksamhet"},"content":{"rendered":"<p>Den 23 november h\u00e5ller Matts Heijbel i samarbete med IQPC en workshop p\u00e5 temat Storytelling. Workshopen \u00e4r speciellt anpassad f\u00f6r informat\u00f6rer i offentlig verksamhet. Den utg\u00f6r en frist\u00e5ende dag tre i IQPC-seminariet Professionell kommunikation f\u00f6r informat\u00f6rer i offentlig verksamhet.<br \/>\nL\u00e4s mer: <a href=\"http:\/\/www.iqpc.se\/cgi-bin\/templates\/singlecell.html?topic=221&amp;event=7699\">http:\/\/iqpc.se<\/a><\/p>\n","protected":false},"excerpt":{"rendered":"<p>Den 23 november h\u00e5ller Matts Heijbel i samarbete med IQPC en workshop p\u00e5 temat Storytelling. Workshopen \u00e4r speciellt anpassad f\u00f6r informat\u00f6rer i offentlig verksamhet. Den utg\u00f6r en frist\u00e5ende dag tre i IQPC-seminariet Professionell kommunikation f\u00f6r informat\u00f6rer i offentlig verksamhet. L\u00e4s mer: http:\/\/iqpc.se<\/p>\n","protected":false},"author":2,"featured_media":0,"comment_status":"open","ping_status":"closed","sticky":false,"template":"","format":"standard","meta":[],"categories":[9],"tags":[],"_links":{"self":[{"href":"https:\/\/storytellers.se\/index.php?rest_route=\/wp\/v2\/posts\/850"}],"collection":[{"href":"https:\/\/storytellers.se\/index.php?rest_route=\/wp\/v2\/posts"}],"about":[{"href":"https:\/\/storytellers.se\/index.php?rest_route=\/wp\/v2\/types\/post"}],"author":[{"embeddable":true,"href":"https:\/\/storytellers.se\/index.php?rest_route=\/wp\/v2\/users\/2"}],"replies":[{"embeddable":true,"href":"https:\/\/storytellers.se\/index.php?rest_route=%2Fwp%2Fv2%2Fcomments&post=850"}],"version-history":[{"count":0,"href":"https:\/\/storytellers.se\/index.php?rest_route=\/wp\/v2\/posts\/850\/revisions"}],"wp:attachment":[{"href":"https:\/\/storytellers.se\/index.php?rest_route=%2Fwp%2Fv2%2Fmedia&parent=850"}],"wp:term":[{"taxonomy":"category","embeddable":true,"href":"https:\/\/storytellers.se\/index.php?rest_route=%2Fwp%2Fv2%2Fcategories&post=850"},{"taxonomy":"post_tag","embeddable":true,"href":"https:\/\/storytellers.se\/index.php?rest_route=%2Fwp%2Fv2%2Ftags&post=850"}],"curies":[{"name":"wp","href":"https:\/\/api.w.org\/{rel}","templated":true}]}}