{"id":844,"date":"2005-10-12T09:40:37","date_gmt":"2005-10-12T08:40:37","guid":{"rendered":"http:\/\/heijbel.wordpress.com\/2005\/10\/12\/foretagsekonomiska-institutet"},"modified":"2005-10-12T09:40:37","modified_gmt":"2005-10-12T08:40:37","slug":"foretagsekonomiska-institutet","status":"publish","type":"post","link":"https:\/\/storytellers.se\/?p=844","title":{"rendered":"F\u00f6retagsekonomiska Institutet"},"content":{"rendered":"<p>Matts Heijbel h\u00e5ller den 12 oktober en lunchf\u00f6rel\u00e4sning hos F\u00f6retagsekonomiska Institutet p\u00e5 uppdrag av F\u00f6reningen F\u00f6retagsekonomiska Institutet. F\u00f6reningen grundades 1888 och dess veteraner b\u00e4r p\u00e5 sp\u00e4nnande organisationshistoria.<\/p>\n","protected":false},"excerpt":{"rendered":"<p>Matts Heijbel h\u00e5ller den 12 oktober en lunchf\u00f6rel\u00e4sning hos F\u00f6retagsekonomiska Institutet p\u00e5 uppdrag av F\u00f6reningen F\u00f6retagsekonomiska Institutet. F\u00f6reningen grundades 1888 och dess veteraner b\u00e4r p\u00e5 sp\u00e4nnande organisationshistoria.<\/p>\n","protected":false},"author":2,"featured_media":0,"comment_status":"open","ping_status":"closed","sticky":false,"template":"","format":"standard","meta":[],"categories":[9],"tags":[],"_links":{"self":[{"href":"https:\/\/storytellers.se\/index.php?rest_route=\/wp\/v2\/posts\/844"}],"collection":[{"href":"https:\/\/storytellers.se\/index.php?rest_route=\/wp\/v2\/posts"}],"about":[{"href":"https:\/\/storytellers.se\/index.php?rest_route=\/wp\/v2\/types\/post"}],"author":[{"embeddable":true,"href":"https:\/\/storytellers.se\/index.php?rest_route=\/wp\/v2\/users\/2"}],"replies":[{"embeddable":true,"href":"https:\/\/storytellers.se\/index.php?rest_route=%2Fwp%2Fv2%2Fcomments&post=844"}],"version-history":[{"count":0,"href":"https:\/\/storytellers.se\/index.php?rest_route=\/wp\/v2\/posts\/844\/revisions"}],"wp:attachment":[{"href":"https:\/\/storytellers.se\/index.php?rest_route=%2Fwp%2Fv2%2Fmedia&parent=844"}],"wp:term":[{"taxonomy":"category","embeddable":true,"href":"https:\/\/storytellers.se\/index.php?rest_route=%2Fwp%2Fv2%2Fcategories&post=844"},{"taxonomy":"post_tag","embeddable":true,"href":"https:\/\/storytellers.se\/index.php?rest_route=%2Fwp%2Fv2%2Ftags&post=844"}],"curies":[{"name":"wp","href":"https:\/\/api.w.org\/{rel}","templated":true}]}}