{"id":836,"date":"2005-10-05T17:30:02","date_gmt":"2005-10-05T16:30:02","guid":{"rendered":"http:\/\/heijbel.wordpress.com\/2005\/10\/05\/familjebostaders-ledare"},"modified":"2005-10-05T17:30:02","modified_gmt":"2005-10-05T16:30:02","slug":"familjebostaders-ledare","status":"publish","type":"post","link":"https:\/\/storytellers.se\/?p=836","title":{"rendered":"Familjebost\u00e4ders ledare"},"content":{"rendered":"<p>Tisdagen 11 oktober kommer Matts Heijbel att f\u00f6rel\u00e4sa f\u00f6r chefer fr\u00e5n Familjebost\u00e4der. De vill h\u00f6ra om hur ber\u00e4ttelserna kan anv\u00e4ndas p\u00e5 ett kreativt s\u00e4tt i ledarskapet och hur en bra story kan visa och gestalta organisationens viktigaste v\u00e4rderingar. Uppdraget sker i samarbete med G\u00f6ran Garberg, VD f\u00f6r Corporate Missions AB.<\/p>\n","protected":false},"excerpt":{"rendered":"<p>Tisdagen 11 oktober kommer Matts Heijbel att f\u00f6rel\u00e4sa f\u00f6r chefer fr\u00e5n Familjebost\u00e4der. De vill h\u00f6ra om hur ber\u00e4ttelserna kan anv\u00e4ndas p\u00e5 ett kreativt s\u00e4tt i ledarskapet och hur en bra story kan visa och gestalta organisationens viktigaste v\u00e4rderingar. Uppdraget sker i samarbete med G\u00f6ran Garberg, VD f\u00f6r Corporate Missions AB.<\/p>\n","protected":false},"author":2,"featured_media":0,"comment_status":"open","ping_status":"closed","sticky":false,"template":"","format":"standard","meta":[],"categories":[9],"tags":[],"_links":{"self":[{"href":"https:\/\/storytellers.se\/index.php?rest_route=\/wp\/v2\/posts\/836"}],"collection":[{"href":"https:\/\/storytellers.se\/index.php?rest_route=\/wp\/v2\/posts"}],"about":[{"href":"https:\/\/storytellers.se\/index.php?rest_route=\/wp\/v2\/types\/post"}],"author":[{"embeddable":true,"href":"https:\/\/storytellers.se\/index.php?rest_route=\/wp\/v2\/users\/2"}],"replies":[{"embeddable":true,"href":"https:\/\/storytellers.se\/index.php?rest_route=%2Fwp%2Fv2%2Fcomments&post=836"}],"version-history":[{"count":0,"href":"https:\/\/storytellers.se\/index.php?rest_route=\/wp\/v2\/posts\/836\/revisions"}],"wp:attachment":[{"href":"https:\/\/storytellers.se\/index.php?rest_route=%2Fwp%2Fv2%2Fmedia&parent=836"}],"wp:term":[{"taxonomy":"category","embeddable":true,"href":"https:\/\/storytellers.se\/index.php?rest_route=%2Fwp%2Fv2%2Fcategories&post=836"},{"taxonomy":"post_tag","embeddable":true,"href":"https:\/\/storytellers.se\/index.php?rest_route=%2Fwp%2Fv2%2Ftags&post=836"}],"curies":[{"name":"wp","href":"https:\/\/api.w.org\/{rel}","templated":true}]}}