{"id":832,"date":"2005-10-04T10:47:08","date_gmt":"2005-10-04T09:47:08","guid":{"rendered":"http:\/\/heijbel.wordpress.com\/2005\/10\/04\/svd-om-basta-storyn"},"modified":"2005-10-04T10:47:08","modified_gmt":"2005-10-04T09:47:08","slug":"svd-om-basta-storyn","status":"publish","type":"post","link":"https:\/\/storytellers.se\/?p=832","title":{"rendered":"SvD om b\u00e4sta storyn"},"content":{"rendered":"<p>Under rubriken: B\u00e4sta storyn vinner, skriver Svenska Dagbladets politiske kommentator G\u00f6ran Eriksson den 2 oktober 2005 om makten i ber\u00e4ttelser. Ocks\u00e5 inom politiken. Han tar Persson och Reinfeldt som exempel och han refererar ocks\u00e5 till Matts Heijbels arbete med Corporate Storytelling i Sverige. L\u00e4s sj\u00e4lv:<br \/>\n<a href=\"http:\/\/www.svd.se\/dynamiskt\/inrikes\/did_10674436.asp\">http:\/\/svd.se<\/a><\/p>\n","protected":false},"excerpt":{"rendered":"<p>Under rubriken: B\u00e4sta storyn vinner, skriver Svenska Dagbladets politiske kommentator G\u00f6ran Eriksson den 2 oktober 2005 om makten i ber\u00e4ttelser. Ocks\u00e5 inom politiken. Han tar Persson och Reinfeldt som exempel och han refererar ocks\u00e5 till Matts Heijbels arbete med Corporate Storytelling i Sverige. L\u00e4s sj\u00e4lv: http:\/\/svd.se<\/p>\n","protected":false},"author":2,"featured_media":0,"comment_status":"open","ping_status":"closed","sticky":false,"template":"","format":"standard","meta":[],"categories":[3],"tags":[],"_links":{"self":[{"href":"https:\/\/storytellers.se\/index.php?rest_route=\/wp\/v2\/posts\/832"}],"collection":[{"href":"https:\/\/storytellers.se\/index.php?rest_route=\/wp\/v2\/posts"}],"about":[{"href":"https:\/\/storytellers.se\/index.php?rest_route=\/wp\/v2\/types\/post"}],"author":[{"embeddable":true,"href":"https:\/\/storytellers.se\/index.php?rest_route=\/wp\/v2\/users\/2"}],"replies":[{"embeddable":true,"href":"https:\/\/storytellers.se\/index.php?rest_route=%2Fwp%2Fv2%2Fcomments&post=832"}],"version-history":[{"count":0,"href":"https:\/\/storytellers.se\/index.php?rest_route=\/wp\/v2\/posts\/832\/revisions"}],"wp:attachment":[{"href":"https:\/\/storytellers.se\/index.php?rest_route=%2Fwp%2Fv2%2Fmedia&parent=832"}],"wp:term":[{"taxonomy":"category","embeddable":true,"href":"https:\/\/storytellers.se\/index.php?rest_route=%2Fwp%2Fv2%2Fcategories&post=832"},{"taxonomy":"post_tag","embeddable":true,"href":"https:\/\/storytellers.se\/index.php?rest_route=%2Fwp%2Fv2%2Ftags&post=832"}],"curies":[{"name":"wp","href":"https:\/\/api.w.org\/{rel}","templated":true}]}}