{"id":824,"date":"2005-09-28T12:06:05","date_gmt":"2005-09-28T11:06:05","guid":{"rendered":"http:\/\/heijbel.wordpress.com\/2005\/09\/28\/lyhord-manniskokannare"},"modified":"2005-09-28T12:06:05","modified_gmt":"2005-09-28T11:06:05","slug":"lyhord-manniskokannare","status":"publish","type":"post","link":"https:\/\/storytellers.se\/?p=824","title":{"rendered":"Lyh\u00f6rd m\u00e4nniskok\u00e4nnare"},"content":{"rendered":"<p>En m\u00e4nniska med storytellerkompetens \u00e4r lyh\u00f6rd. Han eller hon har tv\u00e5 \u00f6ron och en mun. Lyssnar, befolkar och \u00e5terber\u00e4ttar.<\/p>\n<p><!--more--><br \/>\nHan eller hon \u00e4r ocks\u00e5 passionerat intresserad, inte bara av produkterna och tj\u00e4nsterna, utan ocks\u00e5 av verksamheten och m\u00e4nniskorna i organisationen. Och just en s\u00e5n chef vill 70-talisterna ha. Allts\u00e5 en med storytellerkompetens.<br \/>\nS\u00e5 tolkar jag Kairos Futures <a href=\"http:\/\/www.kairosfuture.com\">http:\/\/www.kairosfuture.com<\/a> senaste framtidsanalys om morgondagens ledare.<\/p>\n","protected":false},"excerpt":{"rendered":"<p>En m\u00e4nniska med storytellerkompetens \u00e4r lyh\u00f6rd. Han eller hon har tv\u00e5 \u00f6ron och en mun. Lyssnar, befolkar och \u00e5terber\u00e4ttar.<\/p>\n","protected":false},"author":2,"featured_media":0,"comment_status":"open","ping_status":"closed","sticky":false,"template":"","format":"standard","meta":[],"categories":[2],"tags":[],"_links":{"self":[{"href":"https:\/\/storytellers.se\/index.php?rest_route=\/wp\/v2\/posts\/824"}],"collection":[{"href":"https:\/\/storytellers.se\/index.php?rest_route=\/wp\/v2\/posts"}],"about":[{"href":"https:\/\/storytellers.se\/index.php?rest_route=\/wp\/v2\/types\/post"}],"author":[{"embeddable":true,"href":"https:\/\/storytellers.se\/index.php?rest_route=\/wp\/v2\/users\/2"}],"replies":[{"embeddable":true,"href":"https:\/\/storytellers.se\/index.php?rest_route=%2Fwp%2Fv2%2Fcomments&post=824"}],"version-history":[{"count":0,"href":"https:\/\/storytellers.se\/index.php?rest_route=\/wp\/v2\/posts\/824\/revisions"}],"wp:attachment":[{"href":"https:\/\/storytellers.se\/index.php?rest_route=%2Fwp%2Fv2%2Fmedia&parent=824"}],"wp:term":[{"taxonomy":"category","embeddable":true,"href":"https:\/\/storytellers.se\/index.php?rest_route=%2Fwp%2Fv2%2Fcategories&post=824"},{"taxonomy":"post_tag","embeddable":true,"href":"https:\/\/storytellers.se\/index.php?rest_route=%2Fwp%2Fv2%2Ftags&post=824"}],"curies":[{"name":"wp","href":"https:\/\/api.w.org\/{rel}","templated":true}]}}