{"id":810,"date":"2005-09-16T10:26:04","date_gmt":"2005-09-16T09:26:04","guid":{"rendered":"http:\/\/heijbel.wordpress.com\/2005\/09\/16\/prova-sjalv"},"modified":"2005-09-16T10:26:04","modified_gmt":"2005-09-16T09:26:04","slug":"prova-sjalv","status":"publish","type":"post","link":"https:\/\/storytellers.se\/?p=810","title":{"rendered":"Prova sj\u00e4lv!"},"content":{"rendered":"<p>Prova sj\u00e4lv vad det inneb\u00e4r med Storytelling i organisationer. Jag drar ig\u00e5ng N\u00e4sta kurs p\u00e5 Marknadsf\u00f6reningen i Stockholm den 27 september. Den str\u00e4cker \u00f6ver 5 tisdagseftermiddagar. Efter introduktion h\u00e4mtar deltagarna stories i sina f\u00f6retag och organisationer. Dessa diskuteras sen och utvecklas i gruppen under min ledning. N\u00e4sta kurs p\u00e5 Marknadsf\u00f6reningen \u00e4r komprimerad till 3 tillf\u00e4llen och b\u00f6rjar den 8 november. L\u00e4s mer p\u00e5:<br \/>\n<a href=\"http:\/\/www.mis.se\">http:\/\/mis.se<\/a><\/p>\n","protected":false},"excerpt":{"rendered":"<p>Prova sj\u00e4lv vad det inneb\u00e4r med Storytelling i organisationer. Jag drar ig\u00e5ng N\u00e4sta kurs p\u00e5 Marknadsf\u00f6reningen i Stockholm den 27 september. Den str\u00e4cker \u00f6ver 5 tisdagseftermiddagar. Efter introduktion h\u00e4mtar deltagarna stories i sina f\u00f6retag och organisationer. Dessa diskuteras sen och utvecklas i gruppen under min ledning. N\u00e4sta kurs p\u00e5 Marknadsf\u00f6reningen \u00e4r komprimerad till 3 tillf\u00e4llen&#8230;<\/p>\n","protected":false},"author":2,"featured_media":0,"comment_status":"open","ping_status":"closed","sticky":false,"template":"","format":"standard","meta":[],"categories":[9],"tags":[],"_links":{"self":[{"href":"https:\/\/storytellers.se\/index.php?rest_route=\/wp\/v2\/posts\/810"}],"collection":[{"href":"https:\/\/storytellers.se\/index.php?rest_route=\/wp\/v2\/posts"}],"about":[{"href":"https:\/\/storytellers.se\/index.php?rest_route=\/wp\/v2\/types\/post"}],"author":[{"embeddable":true,"href":"https:\/\/storytellers.se\/index.php?rest_route=\/wp\/v2\/users\/2"}],"replies":[{"embeddable":true,"href":"https:\/\/storytellers.se\/index.php?rest_route=%2Fwp%2Fv2%2Fcomments&post=810"}],"version-history":[{"count":0,"href":"https:\/\/storytellers.se\/index.php?rest_route=\/wp\/v2\/posts\/810\/revisions"}],"wp:attachment":[{"href":"https:\/\/storytellers.se\/index.php?rest_route=%2Fwp%2Fv2%2Fmedia&parent=810"}],"wp:term":[{"taxonomy":"category","embeddable":true,"href":"https:\/\/storytellers.se\/index.php?rest_route=%2Fwp%2Fv2%2Fcategories&post=810"},{"taxonomy":"post_tag","embeddable":true,"href":"https:\/\/storytellers.se\/index.php?rest_route=%2Fwp%2Fv2%2Ftags&post=810"}],"curies":[{"name":"wp","href":"https:\/\/api.w.org\/{rel}","templated":true}]}}