{"id":808,"date":"2005-09-15T15:17:16","date_gmt":"2005-09-15T14:17:16","guid":{"rendered":"http:\/\/heijbel.wordpress.com\/2005\/09\/15\/storytelling-i-skolan"},"modified":"2005-09-15T15:17:16","modified_gmt":"2005-09-15T14:17:16","slug":"storytelling-i-skolan","status":"publish","type":"post","link":"https:\/\/storytellers.se\/?p=808","title":{"rendered":"Storytelling i skolan"},"content":{"rendered":"<p>Jag har den senaste veckan haft kontakt med bl a en TV-kanal som ville g\u00f6ra program om storytelling f\u00f6r ungdomar. Sen var jag p\u00e5 Transfer <a href=\"http:\/\/www.transfer.nu\">http:\/\/transfer.nu<\/a> d\u00e4r det finns mycket skolfolk och n\u00e4ringslivsfolk blandade. Jag har som en f\u00f6ljd av detta f\u00e5tt id\u00e9n att n\u00e4rma mig skolan som arbetsplats.<\/p>\n<p><!--more--><br \/>\nF\u00f6r l\u00e4rare \u00e4r f\u00f6rst\u00e5s ber\u00e4ttandet och olika former av storytelling ett sj\u00e4lvklart redskap i arbetet med eleverna. Storytelling \u00e4r ju ett pedagogiskt redskap.<br \/>\nMen skolan sammantaget \u00e4r ju ocks\u00e5 en arbetsplats. B\u00e5de f\u00f6r l\u00e4rare och elever. I riksperspektiv f\u00f6rmodligen den st\u00f6rsta arbetplatsen landet.<br \/>\nNumera konkurrerar ju skolorna ocks\u00e5 om eleverna. En ny elev som kommer till en skola ger en ny skolpeng in i budgeten. Detta g\u00e4ller f\u00f6rst\u00e5s konkurrensen mellan friskolor och kommunala skolor, men ocks\u00e5 kommunala skolor emellan.<br \/>\nDen skola som l\u00e4r sig att ber\u00e4tta sina stories. Att beskriva sin speciella s\u00e4rart och som kan ber\u00e4tta \u00e4rligt om relationer elever emellan och mellan l\u00e4rare och elever och f\u00f6r\u00e4ldrar och samh\u00e4lle och omv\u00e4rld&#8230;.<br \/>\nDen skola som anv\u00e4nder sig av Corporate Storytelling i sitt varum\u00e4rkesbyggande kan skaffa sig konkurrensf\u00f6rdelar i kampen om eleverna och skolpengarna som f\u00f6ljer med varje elev.<br \/>\nAllts\u00e5 som vilken arbetsplats som helst.<\/p>\n","protected":false},"excerpt":{"rendered":"<p>Jag har den senaste veckan haft kontakt med bl a en TV-kanal som ville g\u00f6ra program om storytelling f\u00f6r ungdomar. Sen var jag p\u00e5 Transfer http:\/\/transfer.nu d\u00e4r det finns mycket skolfolk och n\u00e4ringslivsfolk blandade. Jag har som en f\u00f6ljd av detta f\u00e5tt id\u00e9n att n\u00e4rma mig skolan som arbetsplats.<\/p>\n","protected":false},"author":2,"featured_media":0,"comment_status":"open","ping_status":"closed","sticky":false,"template":"","format":"standard","meta":[],"categories":[2],"tags":[],"_links":{"self":[{"href":"https:\/\/storytellers.se\/index.php?rest_route=\/wp\/v2\/posts\/808"}],"collection":[{"href":"https:\/\/storytellers.se\/index.php?rest_route=\/wp\/v2\/posts"}],"about":[{"href":"https:\/\/storytellers.se\/index.php?rest_route=\/wp\/v2\/types\/post"}],"author":[{"embeddable":true,"href":"https:\/\/storytellers.se\/index.php?rest_route=\/wp\/v2\/users\/2"}],"replies":[{"embeddable":true,"href":"https:\/\/storytellers.se\/index.php?rest_route=%2Fwp%2Fv2%2Fcomments&post=808"}],"version-history":[{"count":0,"href":"https:\/\/storytellers.se\/index.php?rest_route=\/wp\/v2\/posts\/808\/revisions"}],"wp:attachment":[{"href":"https:\/\/storytellers.se\/index.php?rest_route=%2Fwp%2Fv2%2Fmedia&parent=808"}],"wp:term":[{"taxonomy":"category","embeddable":true,"href":"https:\/\/storytellers.se\/index.php?rest_route=%2Fwp%2Fv2%2Fcategories&post=808"},{"taxonomy":"post_tag","embeddable":true,"href":"https:\/\/storytellers.se\/index.php?rest_route=%2Fwp%2Fv2%2Ftags&post=808"}],"curies":[{"name":"wp","href":"https:\/\/api.w.org\/{rel}","templated":true}]}}