{"id":806,"date":"2005-09-13T17:42:09","date_gmt":"2005-09-13T16:42:09","guid":{"rendered":"http:\/\/heijbel.wordpress.com\/2005\/09\/13\/agarrelationer"},"modified":"2005-09-13T17:42:09","modified_gmt":"2005-09-13T16:42:09","slug":"agarrelationer","status":"publish","type":"post","link":"https:\/\/storytellers.se\/?p=806","title":{"rendered":"\u00c4garrelationer"},"content":{"rendered":"<p>N\u00e4r aktie\u00e4gare och investerare varje \u00e5r f\u00e5r sin \u00e5rsber\u00e4ttelse s\u00e5 \u00e4r det en ypperlig chans f\u00f6r f\u00f6retaget att leverera inre bilder, inte bara av den ekonomiska situationen, utan ocks\u00e5 av kulturkapitalet. Man kan leverera bilder av verkligheten, av m\u00e4nniskorna och av de viktiga h\u00e4ndelser som visar nyttan med att man finns.<\/p>\n<p><!--more--><br \/>\nJag l\u00e4ste nyligen om en stor internationell unders\u00f6kning som visade att f\u00f6retagen ofta missar chansen att dela med sig av den mjukare informationen. Det borde v\u00e4l vara alldeles sj\u00e4lvklart att man ska leverera bilder av verkligheten som g\u00f6r att \u00e4garna k\u00e4nner sig n\u00f6jda inte bara med siffrorna.<br \/>\nG\u00f6r man det s\u00e5 kan man f\u00e5 investorer och aktie\u00e4gare att bli b\u00e4rare ocks\u00e5 av kulturkapitalet formulerat i organisationens viktigaste stories. Man v\u00e4rvar varum\u00e4rkesambassad\u00f6rer som f\u00f6rmodligen \u00e4r n\u00e5got uth\u00e5lligare \u00e4n de som bara \u00e4r sifferstryrda.<br \/>\nJag h\u00f6rde om en organisation som hade f\u00f6rpassat all pliktinformation l\u00e4ngst bak i sin \u00e5rsber\u00e4ttelse. Den hittar ju alla \u00e4nd\u00e5. Sedan l\u00e4t man brett ett urval av medarbetarna ber\u00e4tta varf\u00f6r de vill vara med just i denna organisations arbete. Detta gav en sp\u00e4nnande och sammansatt bild av verksamheten.<br \/>\nDen \u00e5rsber\u00e4ttelsen fick de trycka i flera upplagor och de ex som l\u00e5g framme p\u00e5 publik plats var ofta s\u00f6nderrivna eftersom folk hade rivit ur ber\u00e4ttelser som de gillade alldeles s\u00e4rkilt. F\u00f6rtmodligen v\u00e4l investerade kommunikationspengar. S\u00e4kert ocks\u00e5 bra att ha i rekryteringssammanhang.<br \/>\nAmerikanska f\u00f6retag \u00e4r f\u00f6r \u00f6vrigt r\u00e4tt bra, j\u00e4mf\u00f6rt med svenska, p\u00e5 att ha korta biografier om sina ledare p\u00e5 hemsidorna. Det \u00e4r f\u00f6rst\u00e5s ocks\u00e5 ett enkelt tips f\u00f6r den som vill befolka varum\u00e4rket. Det \u00e4r ju trots allt m\u00e4nniskor det handlar om. Det \u00e4r de och deras beslut som \u00e4r grunden f\u00f6r allt.<\/p>\n","protected":false},"excerpt":{"rendered":"<p>N\u00e4r aktie\u00e4gare och investerare varje \u00e5r f\u00e5r sin \u00e5rsber\u00e4ttelse s\u00e5 \u00e4r det en ypperlig chans f\u00f6r f\u00f6retaget att leverera inre bilder, inte bara av den ekonomiska situationen, utan ocks\u00e5 av kulturkapitalet. Man kan leverera bilder av verkligheten, av m\u00e4nniskorna och av de viktiga h\u00e4ndelser som visar nyttan med att man finns.<\/p>\n","protected":false},"author":2,"featured_media":0,"comment_status":"open","ping_status":"closed","sticky":false,"template":"","format":"standard","meta":[],"categories":[2],"tags":[],"_links":{"self":[{"href":"https:\/\/storytellers.se\/index.php?rest_route=\/wp\/v2\/posts\/806"}],"collection":[{"href":"https:\/\/storytellers.se\/index.php?rest_route=\/wp\/v2\/posts"}],"about":[{"href":"https:\/\/storytellers.se\/index.php?rest_route=\/wp\/v2\/types\/post"}],"author":[{"embeddable":true,"href":"https:\/\/storytellers.se\/index.php?rest_route=\/wp\/v2\/users\/2"}],"replies":[{"embeddable":true,"href":"https:\/\/storytellers.se\/index.php?rest_route=%2Fwp%2Fv2%2Fcomments&post=806"}],"version-history":[{"count":0,"href":"https:\/\/storytellers.se\/index.php?rest_route=\/wp\/v2\/posts\/806\/revisions"}],"wp:attachment":[{"href":"https:\/\/storytellers.se\/index.php?rest_route=%2Fwp%2Fv2%2Fmedia&parent=806"}],"wp:term":[{"taxonomy":"category","embeddable":true,"href":"https:\/\/storytellers.se\/index.php?rest_route=%2Fwp%2Fv2%2Fcategories&post=806"},{"taxonomy":"post_tag","embeddable":true,"href":"https:\/\/storytellers.se\/index.php?rest_route=%2Fwp%2Fv2%2Ftags&post=806"}],"curies":[{"name":"wp","href":"https:\/\/api.w.org\/{rel}","templated":true}]}}