{"id":804,"date":"2005-09-09T16:36:35","date_gmt":"2005-09-09T15:36:35","guid":{"rendered":"http:\/\/heijbel.wordpress.com\/2005\/09\/09\/storytelling-hos-transfer"},"modified":"2005-09-09T16:36:35","modified_gmt":"2005-09-09T15:36:35","slug":"storytelling-hos-transfer","status":"publish","type":"post","link":"https:\/\/storytellers.se\/?p=804","title":{"rendered":"Storytelling hos Transfer"},"content":{"rendered":"<p>Matts Heijbel ska den 14 september ber\u00e4tta om storytelling f\u00f6r dem som arbetar \u00e5t Tranfer ute i skolorona. Transfer \u00e4r den st\u00f6rsta f\u00f6rmedlaren av f\u00f6rel\u00e4sare fr\u00e5n arbetslivet till de svenska skolorna. \u00d6ver 2000 f\u00f6rel\u00e4sningar har kommit den v\u00e4gen. Transfer \u00e4r en ideel l\u00e4nk mellan skola och n\u00e4ringsliv.<br \/>\nL\u00e4s om Transfer <a href=\"http:\/\/www.transfer.nu\">http:\/\/transfer.nu<\/a><\/p>\n","protected":false},"excerpt":{"rendered":"<p>Matts Heijbel ska den 14 september ber\u00e4tta om storytelling f\u00f6r dem som arbetar \u00e5t Tranfer ute i skolorona. Transfer \u00e4r den st\u00f6rsta f\u00f6rmedlaren av f\u00f6rel\u00e4sare fr\u00e5n arbetslivet till de svenska skolorna. \u00d6ver 2000 f\u00f6rel\u00e4sningar har kommit den v\u00e4gen. Transfer \u00e4r en ideel l\u00e4nk mellan skola och n\u00e4ringsliv. L\u00e4s om Transfer http:\/\/transfer.nu<\/p>\n","protected":false},"author":2,"featured_media":0,"comment_status":"open","ping_status":"closed","sticky":false,"template":"","format":"standard","meta":[],"categories":[9],"tags":[],"_links":{"self":[{"href":"https:\/\/storytellers.se\/index.php?rest_route=\/wp\/v2\/posts\/804"}],"collection":[{"href":"https:\/\/storytellers.se\/index.php?rest_route=\/wp\/v2\/posts"}],"about":[{"href":"https:\/\/storytellers.se\/index.php?rest_route=\/wp\/v2\/types\/post"}],"author":[{"embeddable":true,"href":"https:\/\/storytellers.se\/index.php?rest_route=\/wp\/v2\/users\/2"}],"replies":[{"embeddable":true,"href":"https:\/\/storytellers.se\/index.php?rest_route=%2Fwp%2Fv2%2Fcomments&post=804"}],"version-history":[{"count":0,"href":"https:\/\/storytellers.se\/index.php?rest_route=\/wp\/v2\/posts\/804\/revisions"}],"wp:attachment":[{"href":"https:\/\/storytellers.se\/index.php?rest_route=%2Fwp%2Fv2%2Fmedia&parent=804"}],"wp:term":[{"taxonomy":"category","embeddable":true,"href":"https:\/\/storytellers.se\/index.php?rest_route=%2Fwp%2Fv2%2Fcategories&post=804"},{"taxonomy":"post_tag","embeddable":true,"href":"https:\/\/storytellers.se\/index.php?rest_route=%2Fwp%2Fv2%2Ftags&post=804"}],"curies":[{"name":"wp","href":"https:\/\/api.w.org\/{rel}","templated":true}]}}