{"id":800,"date":"2005-09-02T12:17:13","date_gmt":"2005-09-02T11:17:13","guid":{"rendered":"http:\/\/heijbel.wordpress.com\/2005\/09\/02\/dina-egna-stories"},"modified":"2005-09-02T12:17:13","modified_gmt":"2005-09-02T11:17:13","slug":"dina-egna-stories","status":"publish","type":"post","link":"https:\/\/storytellers.se\/?p=800","title":{"rendered":"Dina egna stories"},"content":{"rendered":"<p>Speciellt n\u00e4r jag talar med m\u00e4nniskor fr\u00e5n entusiast- och passionsdrivna organisationer s\u00e5 fr\u00e5gar jag dem varf\u00f6r de jobbar just d\u00e4r de jobbar. Om de kommer ih\u00e5g vad som fick dem att s\u00f6ka sig dit. Om de rent av minns det enskilda tillf\u00e4llet som en g\u00e5ng fick in dem p\u00e5 det h\u00e4r sp\u00e5ret. Jag letar efter den personliga storyn. En story som f\u00f6rst\u00e5s ocks\u00e5 kan adderas till sj\u00e4lva organisationens Corporate Stories.<\/p>\n<p><!--more--><br \/>\nDe sanna personliga ber\u00e4ttelserna visar vad man st\u00e5r f\u00f6r och vem man \u00e4r. De bygger det personliga varum\u00e4rket. N\u00e4r man s\u00f6ker ett jobb kan dessa ber\u00e4ttelser var det som g\u00f6r skillnaden. Jag vet flera s\u00e5ndana exempel.<br \/>\nDe personliga ber\u00e4ttelserna \u00e4r f\u00f6rst\u00e5s ocks\u00e5 viktiga f\u00f6r arbetsgivaren att ha tillg\u00e5ng till i rekryteringssammanhang. Genom att l\u00e5ta bilder av medarbetarna och deras v\u00e4rderingar tr\u00e4da fram kan man l\u00e4ttare attrahera dem man verkligen vill rekrytera.<br \/>\nP\u00e5 samma s\u00e4tt som organisationen ska leta fram, snygga till och h\u00e5lla sina viktigaste ber\u00e4ttelser levande kan ocks\u00e5 de enskilda m\u00e4nniskorna g\u00f6ra det.<br \/>\nTrots Jante.<br \/>\nVarf\u00f6r \u00e4r just du s\u00e5 l\u00e4mplig h\u00e4r? Ge ett exempel p\u00e5 n\u00e4r du var stolt \u00f6ver att vara en del av detta?<br \/>\nVar \u00e4rlig och tala sanning. De personliga ber\u00e4ttelserna siktar lika mycket p\u00e5 hj\u00e4rtat som p\u00e5 hj\u00e4rnan.<\/p>\n","protected":false},"excerpt":{"rendered":"<p>Speciellt n\u00e4r jag talar med m\u00e4nniskor fr\u00e5n entusiast- och passionsdrivna organisationer s\u00e5 fr\u00e5gar jag dem varf\u00f6r de jobbar just d\u00e4r de jobbar. Om de kommer ih\u00e5g vad som fick dem att s\u00f6ka sig dit. Om de rent av minns det enskilda tillf\u00e4llet som en g\u00e5ng fick in dem p\u00e5 det h\u00e4r sp\u00e5ret. Jag letar efter&#8230;<\/p>\n","protected":false},"author":2,"featured_media":0,"comment_status":"open","ping_status":"closed","sticky":false,"template":"","format":"standard","meta":[],"categories":[2],"tags":[],"_links":{"self":[{"href":"https:\/\/storytellers.se\/index.php?rest_route=\/wp\/v2\/posts\/800"}],"collection":[{"href":"https:\/\/storytellers.se\/index.php?rest_route=\/wp\/v2\/posts"}],"about":[{"href":"https:\/\/storytellers.se\/index.php?rest_route=\/wp\/v2\/types\/post"}],"author":[{"embeddable":true,"href":"https:\/\/storytellers.se\/index.php?rest_route=\/wp\/v2\/users\/2"}],"replies":[{"embeddable":true,"href":"https:\/\/storytellers.se\/index.php?rest_route=%2Fwp%2Fv2%2Fcomments&post=800"}],"version-history":[{"count":0,"href":"https:\/\/storytellers.se\/index.php?rest_route=\/wp\/v2\/posts\/800\/revisions"}],"wp:attachment":[{"href":"https:\/\/storytellers.se\/index.php?rest_route=%2Fwp%2Fv2%2Fmedia&parent=800"}],"wp:term":[{"taxonomy":"category","embeddable":true,"href":"https:\/\/storytellers.se\/index.php?rest_route=%2Fwp%2Fv2%2Fcategories&post=800"},{"taxonomy":"post_tag","embeddable":true,"href":"https:\/\/storytellers.se\/index.php?rest_route=%2Fwp%2Fv2%2Ftags&post=800"}],"curies":[{"name":"wp","href":"https:\/\/api.w.org\/{rel}","templated":true}]}}