{"id":796,"date":"2005-08-30T13:20:37","date_gmt":"2005-08-30T12:20:37","guid":{"rendered":"http:\/\/heijbel.wordpress.com\/2005\/08\/30\/information-rosenbad"},"modified":"2005-08-30T13:20:37","modified_gmt":"2005-08-30T12:20:37","slug":"information-rosenbad","status":"publish","type":"post","link":"https:\/\/storytellers.se\/?p=796","title":{"rendered":"Information Rosenbad"},"content":{"rendered":"<p>Den 19 okober kommer jag att f\u00f6rel\u00e4sa f\u00f6r Regeringskansliets informat\u00f6rer p\u00e5 ett frukostseminarium. Information Rosenbad vill veta mer om storytelling. De ska f\u00e5 exempel p\u00e5 hur jag brukar g\u00e5 till v\u00e4ga och hur jag till\u00e4mpat storytelling hos andra, helt enkelt hur det kan l\u00e5ta. Tanken \u00e4r att detta ska v\u00e4cka tankar inom Regeringskansliet. Om, och i s\u00e5 fall hur, de ska kunna anv\u00e4nda Corporate Storytelling i sitt arbete.<\/p>\n","protected":false},"excerpt":{"rendered":"<p>Den 19 okober kommer jag att f\u00f6rel\u00e4sa f\u00f6r Regeringskansliets informat\u00f6rer p\u00e5 ett frukostseminarium. Information Rosenbad vill veta mer om storytelling. De ska f\u00e5 exempel p\u00e5 hur jag brukar g\u00e5 till v\u00e4ga och hur jag till\u00e4mpat storytelling hos andra, helt enkelt hur det kan l\u00e5ta. Tanken \u00e4r att detta ska v\u00e4cka tankar inom Regeringskansliet. Om, och&#8230;<\/p>\n","protected":false},"author":2,"featured_media":0,"comment_status":"open","ping_status":"closed","sticky":false,"template":"","format":"standard","meta":[],"categories":[9],"tags":[],"_links":{"self":[{"href":"https:\/\/storytellers.se\/index.php?rest_route=\/wp\/v2\/posts\/796"}],"collection":[{"href":"https:\/\/storytellers.se\/index.php?rest_route=\/wp\/v2\/posts"}],"about":[{"href":"https:\/\/storytellers.se\/index.php?rest_route=\/wp\/v2\/types\/post"}],"author":[{"embeddable":true,"href":"https:\/\/storytellers.se\/index.php?rest_route=\/wp\/v2\/users\/2"}],"replies":[{"embeddable":true,"href":"https:\/\/storytellers.se\/index.php?rest_route=%2Fwp%2Fv2%2Fcomments&post=796"}],"version-history":[{"count":0,"href":"https:\/\/storytellers.se\/index.php?rest_route=\/wp\/v2\/posts\/796\/revisions"}],"wp:attachment":[{"href":"https:\/\/storytellers.se\/index.php?rest_route=%2Fwp%2Fv2%2Fmedia&parent=796"}],"wp:term":[{"taxonomy":"category","embeddable":true,"href":"https:\/\/storytellers.se\/index.php?rest_route=%2Fwp%2Fv2%2Fcategories&post=796"},{"taxonomy":"post_tag","embeddable":true,"href":"https:\/\/storytellers.se\/index.php?rest_route=%2Fwp%2Fv2%2Ftags&post=796"}],"curies":[{"name":"wp","href":"https:\/\/api.w.org\/{rel}","templated":true}]}}