{"id":794,"date":"2005-08-26T15:31:33","date_gmt":"2005-08-26T14:31:33","guid":{"rendered":"http:\/\/heijbel.wordpress.com\/2005\/08\/26\/polisens-viktigaste-vapen"},"modified":"2005-08-26T15:31:33","modified_gmt":"2005-08-26T14:31:33","slug":"polisens-viktigaste-vapen","status":"publish","type":"post","link":"https:\/\/storytellers.se\/?p=794","title":{"rendered":"Polisens viktigaste vapen"},"content":{"rendered":"<p>Polisl\u00e4raren stod f\u00f6r n\u00e5gra \u00e5r sen inf\u00f6r de nya studenterna och skulle introducera dem till deras blivande yrke med en pedagogisk fr\u00e5ga.<br \/>\n\u2013 Vilket \u00e4r polisens viktigaste vapen? fr\u00e5gade han.<br \/>\n\u2013 Pistolen, f\u00f6rs\u00f6kte n\u00e5gon.<br \/>\nNja. Det var inte riktigt det jag var ute efter&#8230;<br \/>\n\u2013 Batongen, f\u00f6rs\u00f6kte n\u00e5gon annan.<br \/>\nMen det var inte riktigt det heller som l\u00e4raren var ute efter.<\/p>\n<p><!--more--><br \/>\nPolisl\u00e4raren hade n\u00e4mligen t\u00e4nkt komma med den fyndiga po\u00e4ngen att det var pennan som var det viktigaste vapnet. Den fredliga pennan med vilken polisen tar upp rapporter och berskriver verkligheten. S\u00e5 han f\u00f6rs\u00f6kte igen.<br \/>\n\u2013 Handklovarna, sa n\u00e5gon d\u00e5.<br \/>\nN\u00e4, inte riktigt det.<br \/>\nD\u00e5 r\u00e4ckte en av eleverna upp handen och sa att det var munnen och tungan som var polisens viktigaste vapen&#8230;<br \/>\nH\u00e4r blev l\u00e4raren lite st\u00e4lld. Snart kom ett f\u00f6rslag till:<br \/>\n\u2013 \u00d6ronen. De m\u00e5ste ju vara viktigare \u00e4n munnen eftersom vi har tv\u00e5 \u00f6ron och en mun. Vi m\u00e5ste lyssna och f\u00f6rst\u00e5 och vi m\u00e5ste tala med m\u00e4nniskor i v\u00e5rt arbete.<br \/>\nEfter denna stund har svensk polisutbildning ofta betonat just munnen och \u00f6ronen som polisens viktigaste vapen.<br \/>\nDenna mer allm\u00e4nt beskrivande polispedagogiska ber\u00e4ttelse kom fram n\u00e4r jag hade Storytellingseminarium med Polish\u00f6gskolan i Stockholm i dag. Sen kom det rader av kulturspeglande och stimulerande ber\u00e4ttelser som Polish\u00f6gskolan kan anv\u00e4nda i det fortsatta arbetet mot morgondagens polisutbildning.<br \/>\nEn verksamhet kan f\u00f6rst\u00e5s beskrivas i budget, personal, fastigheter, leveranser av produkter (poliser), fordonspark. Men det \u00e4r viktigt att ocks\u00e5 samla och anv\u00e4nda organisationens b\u00e4sta ber\u00e4ttelser. Det \u00e4r d\u00e4rf\u00f6r man kontaktar en Corporate Storyteller som kan hj\u00e4lpa till att sk\u00f6rda ber\u00e4ttarkapitalet.<\/p>\n","protected":false},"excerpt":{"rendered":"<p>Polisl\u00e4raren stod f\u00f6r n\u00e5gra \u00e5r sen inf\u00f6r de nya studenterna och skulle introducera dem till deras blivande yrke med en pedagogisk fr\u00e5ga. \u2013 Vilket \u00e4r polisens viktigaste vapen? fr\u00e5gade han. \u2013 Pistolen, f\u00f6rs\u00f6kte n\u00e5gon. Nja. Det var inte riktigt det jag var ute efter&#8230; \u2013 Batongen, f\u00f6rs\u00f6kte n\u00e5gon annan. Men det var inte riktigt det&#8230;<\/p>\n","protected":false},"author":2,"featured_media":0,"comment_status":"open","ping_status":"closed","sticky":false,"template":"","format":"standard","meta":[],"categories":[2],"tags":[],"_links":{"self":[{"href":"https:\/\/storytellers.se\/index.php?rest_route=\/wp\/v2\/posts\/794"}],"collection":[{"href":"https:\/\/storytellers.se\/index.php?rest_route=\/wp\/v2\/posts"}],"about":[{"href":"https:\/\/storytellers.se\/index.php?rest_route=\/wp\/v2\/types\/post"}],"author":[{"embeddable":true,"href":"https:\/\/storytellers.se\/index.php?rest_route=\/wp\/v2\/users\/2"}],"replies":[{"embeddable":true,"href":"https:\/\/storytellers.se\/index.php?rest_route=%2Fwp%2Fv2%2Fcomments&post=794"}],"version-history":[{"count":0,"href":"https:\/\/storytellers.se\/index.php?rest_route=\/wp\/v2\/posts\/794\/revisions"}],"wp:attachment":[{"href":"https:\/\/storytellers.se\/index.php?rest_route=%2Fwp%2Fv2%2Fmedia&parent=794"}],"wp:term":[{"taxonomy":"category","embeddable":true,"href":"https:\/\/storytellers.se\/index.php?rest_route=%2Fwp%2Fv2%2Fcategories&post=794"},{"taxonomy":"post_tag","embeddable":true,"href":"https:\/\/storytellers.se\/index.php?rest_route=%2Fwp%2Fv2%2Ftags&post=794"}],"curies":[{"name":"wp","href":"https:\/\/api.w.org\/{rel}","templated":true}]}}