{"id":790,"date":"2005-08-24T13:24:49","date_gmt":"2005-08-24T12:24:49","guid":{"rendered":"http:\/\/heijbel.wordpress.com\/2005\/08\/24\/stories-i-arsberattelsen"},"modified":"2005-08-24T13:24:49","modified_gmt":"2005-08-24T12:24:49","slug":"stories-i-arsberattelsen","status":"publish","type":"post","link":"https:\/\/storytellers.se\/?p=790","title":{"rendered":"Stories i \u00e5rsber\u00e4ttelsen"},"content":{"rendered":"<p>\u00c5rsredovisningsdagen som h\u00e5lls av Solberg i Stockholm den 14 september tar ocks\u00e5 upp Corporate Storytelling. Seminariedagen diskuterar \u00e5rsredovisningar ur olika perspektiv. Kan man ta nya grepp och kan man utveckla f\u00f6retagsinformationen?<\/p>\n<p><!--more--><br \/>\nF\u00f6rutom &#8221;Corporate storytellermannen&#8221; Matts Heijbel medverkar ocks\u00e5 bland flera andra &#8221;Corporate bullshitdebatt\u00f6ren&#8221; Lars Melin.<br \/>\nhttp:\/\/www.solberg.se\/startsida\/inledning\/arsredovisningsdagen2005\/ardagen_popup.html<\/p>\n","protected":false},"excerpt":{"rendered":"<p>\u00c5rsredovisningsdagen som h\u00e5lls av Solberg i Stockholm den 14 september tar ocks\u00e5 upp Corporate Storytelling. Seminariedagen diskuterar \u00e5rsredovisningar ur olika perspektiv. Kan man ta nya grepp och kan man utveckla f\u00f6retagsinformationen?<\/p>\n","protected":false},"author":2,"featured_media":0,"comment_status":"open","ping_status":"closed","sticky":false,"template":"","format":"standard","meta":[],"categories":[9],"tags":[],"_links":{"self":[{"href":"https:\/\/storytellers.se\/index.php?rest_route=\/wp\/v2\/posts\/790"}],"collection":[{"href":"https:\/\/storytellers.se\/index.php?rest_route=\/wp\/v2\/posts"}],"about":[{"href":"https:\/\/storytellers.se\/index.php?rest_route=\/wp\/v2\/types\/post"}],"author":[{"embeddable":true,"href":"https:\/\/storytellers.se\/index.php?rest_route=\/wp\/v2\/users\/2"}],"replies":[{"embeddable":true,"href":"https:\/\/storytellers.se\/index.php?rest_route=%2Fwp%2Fv2%2Fcomments&post=790"}],"version-history":[{"count":0,"href":"https:\/\/storytellers.se\/index.php?rest_route=\/wp\/v2\/posts\/790\/revisions"}],"wp:attachment":[{"href":"https:\/\/storytellers.se\/index.php?rest_route=%2Fwp%2Fv2%2Fmedia&parent=790"}],"wp:term":[{"taxonomy":"category","embeddable":true,"href":"https:\/\/storytellers.se\/index.php?rest_route=%2Fwp%2Fv2%2Fcategories&post=790"},{"taxonomy":"post_tag","embeddable":true,"href":"https:\/\/storytellers.se\/index.php?rest_route=%2Fwp%2Fv2%2Ftags&post=790"}],"curies":[{"name":"wp","href":"https:\/\/api.w.org\/{rel}","templated":true}]}}