{"id":786,"date":"2005-08-17T16:55:17","date_gmt":"2005-08-17T15:55:17","guid":{"rendered":"http:\/\/heijbel.wordpress.com\/2005\/08\/17\/nyhetsbrev-11-storytellerbloggen"},"modified":"2005-08-17T16:55:17","modified_gmt":"2005-08-17T15:55:17","slug":"nyhetsbrev-11-storytellerbloggen","status":"publish","type":"post","link":"https:\/\/storytellers.se\/?p=786","title":{"rendered":"Nyhetsbrev 11: Storytellerbloggen"},"content":{"rendered":"<p>Nyhetsbrev 11 handlar om att storytellers.se har blivt sj\u00f6satt som den f\u00f6rsta corporate storytellerbloggen. Det skickas ut till de cirka 600 som prenumererar p\u00e5 nyhetsbreven fr\u00e5n storytellers.se<br \/>\nDu kan anm\u00e4la sig som prenumerant i h\u00f6gra kanten av \u00f6ppningssidan. Det kostar ingenting.<\/p>\n<p><!--more--><br \/>\nNyhetsbrev 11<br \/>\nNu har www.storytellers.se blivit sj\u00f6satt som Sveriges f\u00f6rsta Corporate Storytellerblogg. G\u00e5 in och titta s\u00e5 f\u00e5r du se. Forskning, artiklar, debatt och en rad notiser och fr\u00e5gor och svar finns d\u00e4r aprop\u00e5 Corporate Storytelling.<br \/>\nDu som prenumererar p\u00e5 nyhetsbrevet har f\u00f6rst\u00e5s varit med redan i f\u00f6rsta halvleken d\u00e4r det redan fanns m\u00f6jlighet till bl a Fr\u00e5gor &amp; Svar. Vi b\u00f6rjade 2003. Men nu har vi k\u00f6pt en riktigt bra och flexibel programvara f\u00f6r att kunna k\u00f6ra blogg.<br \/>\nNu \u00e4r det allts\u00e5 en riktig blogg, vilket i den h\u00e4r formen inneb\u00e4r att det \u00e4r en publiceringsplattform med en inbyggd interaktivitet. Du kan g\u00f6ra inl\u00e4gg och kommentarer. Och f\u00f6rst\u00e5s som tidigare st\u00e4lla fr\u00e5gor.<br \/>\nOm du \u00e4r os\u00e4ker p\u00e5 sj\u00e4lva bloggbegreppet s\u00e5 kan du l\u00e4sa mer om bloggar p\u00e5 &#8211; www.bloggportalen.se &#8211; eller &#8211; www.intresssant.se &#8211; som b\u00e5da handlar om bloggar och som visar upp det galopperande bloggutbudet p\u00e5 n\u00e4tet.<br \/>\n&#8230;&#8230;&#8230;&#8230;&#8230;&#8230;&#8230;&#8230;<br \/>\nF\u00f6r  www.storytellers.se betyder det att den f\u00f6rut totalt \u00f6verlastade sajten nu har mer plats att v\u00e4xa i och att \u00e4ven gamla magisteruppsatser och artiklar som ramlat \u00f6ver kanten f\u00f6r att det varit s\u00e5 fullt har blivit synliga igen.<br \/>\nDu kan till exempel under rubriken Forskning l\u00e4sa examensuppsatsen fr\u00e5n Konstfack industridesign. Studenterna, som bland annat intervjuat mig, Matts Heijbel, menar att all design borde utg\u00e5 fr\u00e5n en story.<br \/>\nBer\u00e4ttelsen ska sedan f\u00f6lja hela designprocessen fr\u00e5n id\u00e9 och f\u00f6rsta skiss till f\u00e4rdig produkt. Den f\u00e4rdiga produkten ska sen i sig ta vid och ber\u00e4tta n\u00e5got viktigt.<br \/>\nUppsatsen har redan f\u00e5tt flera priser, Inte f\u00f6rv\u00e5nande eftersom den \u00e4r bra men ocks\u00e5 eftersom storytelling \u00e4r ett s\u00e5 hett \u00e4mne.<br \/>\n&#8230;&#8230;&#8230;&#8230;&#8230;&#8230;&#8230;&#8230;.<br \/>\nAllt fler myndigheter &amp; politiska och v\u00e4rderingsb\u00e4rande organisationer s\u00f6ker nu kontakt med storytellers.se f\u00f6r att f\u00e5 st\u00f6d och hj\u00e4lp. Det har varit s\u00e5 mycket i sommar att boken som jag p\u00e5b\u00f6rjade p\u00e5 f\u00f6rsommaren f\u00e5tt vika \u00e5t sidan och v\u00e4nta p\u00e5 grund av alla storytellerprojekt i praktiken.<br \/>\nSeminarier och kurser kommer ocks\u00e5 allt mer. Sj\u00e4lv medverkar jag under h\u00f6sten i kurser inplanerade f\u00f6r offentliga informat\u00f6rer, marknadsf\u00f6rare, f\u00f6retagsledare, Almi, HR-specialister och skolm\u00e4nniskor.<br \/>\nG\u00e5 sj\u00e4lv in och f\u00f6lj fl\u00f6det p\u00e5 den nu bloggifierade www.storytellers.se.<br \/>\n&#8230;&#8230;&#8230;&#8230;&#8230;&#8230;&#8230;&#8230;.<br \/>\nJag som skriver detta nyhetsbrev heter Matts Heijbel. Jag arbetar som Corporate Storyteller. Du har antingen sj\u00e4lv valt att prenumerera p\u00e5 nyhetsbrevet eller s\u00e5 har du g\u00e5tt p\u00e5 n\u00e5got av mina seminarier eller s\u00e5 k\u00e4nner du mig helt enkelt personligen.<br \/>\nVill du inte vara med s\u00e5 returnera eller skriv till info@storytellers.se och s\u00e4g nej tack.<br \/>\nStockholm 17 augusti 2005<\/p>\n","protected":false},"excerpt":{"rendered":"<p>Nyhetsbrev 11 handlar om att storytellers.se har blivt sj\u00f6satt som den f\u00f6rsta corporate storytellerbloggen. Det skickas ut till de cirka 600 som prenumererar p\u00e5 nyhetsbreven fr\u00e5n storytellers.se Du kan anm\u00e4la sig som prenumerant i h\u00f6gra kanten av \u00f6ppningssidan. Det kostar ingenting.<\/p>\n","protected":false},"author":2,"featured_media":0,"comment_status":"open","ping_status":"closed","sticky":false,"template":"","format":"standard","meta":[],"categories":[8],"tags":[],"_links":{"self":[{"href":"https:\/\/storytellers.se\/index.php?rest_route=\/wp\/v2\/posts\/786"}],"collection":[{"href":"https:\/\/storytellers.se\/index.php?rest_route=\/wp\/v2\/posts"}],"about":[{"href":"https:\/\/storytellers.se\/index.php?rest_route=\/wp\/v2\/types\/post"}],"author":[{"embeddable":true,"href":"https:\/\/storytellers.se\/index.php?rest_route=\/wp\/v2\/users\/2"}],"replies":[{"embeddable":true,"href":"https:\/\/storytellers.se\/index.php?rest_route=%2Fwp%2Fv2%2Fcomments&post=786"}],"version-history":[{"count":0,"href":"https:\/\/storytellers.se\/index.php?rest_route=\/wp\/v2\/posts\/786\/revisions"}],"wp:attachment":[{"href":"https:\/\/storytellers.se\/index.php?rest_route=%2Fwp%2Fv2%2Fmedia&parent=786"}],"wp:term":[{"taxonomy":"category","embeddable":true,"href":"https:\/\/storytellers.se\/index.php?rest_route=%2Fwp%2Fv2%2Fcategories&post=786"},{"taxonomy":"post_tag","embeddable":true,"href":"https:\/\/storytellers.se\/index.php?rest_route=%2Fwp%2Fv2%2Ftags&post=786"}],"curies":[{"name":"wp","href":"https:\/\/api.w.org\/{rel}","templated":true}]}}