{"id":784,"date":"2005-08-17T13:18:03","date_gmt":"2005-08-17T12:18:03","guid":{"rendered":"http:\/\/heijbel.wordpress.com\/2005\/08\/17\/almi-visar-intresse"},"modified":"2005-08-17T13:18:03","modified_gmt":"2005-08-17T12:18:03","slug":"almi-visar-intresse","status":"publish","type":"post","link":"https:\/\/storytellers.se\/?p=784","title":{"rendered":"Almi visar intresse"},"content":{"rendered":"<p>Statliga Almi F\u00f6retagspartner p\u00e5 riksplanet har v\u00e4nt sig till Matts Heijbel f\u00f6r att smaka p\u00e5 Corporate Storytelling som m\u00f6jlig metod i arbetet med att f\u00f6rnya n\u00e4ringslivet genom att st\u00f6tta innovativa sm\u00e5f\u00f6retag. Matts medverkar under en kompetensutvecklingsdag 31 augusti f\u00f6r att visa exempel och metoder.<\/p>\n","protected":false},"excerpt":{"rendered":"<p>Statliga Almi F\u00f6retagspartner p\u00e5 riksplanet har v\u00e4nt sig till Matts Heijbel f\u00f6r att smaka p\u00e5 Corporate Storytelling som m\u00f6jlig metod i arbetet med att f\u00f6rnya n\u00e4ringslivet genom att st\u00f6tta innovativa sm\u00e5f\u00f6retag. Matts medverkar under en kompetensutvecklingsdag 31 augusti f\u00f6r att visa exempel och metoder.<\/p>\n","protected":false},"author":2,"featured_media":0,"comment_status":"open","ping_status":"closed","sticky":false,"template":"","format":"standard","meta":[],"categories":[9],"tags":[],"_links":{"self":[{"href":"https:\/\/storytellers.se\/index.php?rest_route=\/wp\/v2\/posts\/784"}],"collection":[{"href":"https:\/\/storytellers.se\/index.php?rest_route=\/wp\/v2\/posts"}],"about":[{"href":"https:\/\/storytellers.se\/index.php?rest_route=\/wp\/v2\/types\/post"}],"author":[{"embeddable":true,"href":"https:\/\/storytellers.se\/index.php?rest_route=\/wp\/v2\/users\/2"}],"replies":[{"embeddable":true,"href":"https:\/\/storytellers.se\/index.php?rest_route=%2Fwp%2Fv2%2Fcomments&post=784"}],"version-history":[{"count":0,"href":"https:\/\/storytellers.se\/index.php?rest_route=\/wp\/v2\/posts\/784\/revisions"}],"wp:attachment":[{"href":"https:\/\/storytellers.se\/index.php?rest_route=%2Fwp%2Fv2%2Fmedia&parent=784"}],"wp:term":[{"taxonomy":"category","embeddable":true,"href":"https:\/\/storytellers.se\/index.php?rest_route=%2Fwp%2Fv2%2Fcategories&post=784"},{"taxonomy":"post_tag","embeddable":true,"href":"https:\/\/storytellers.se\/index.php?rest_route=%2Fwp%2Fv2%2Ftags&post=784"}],"curies":[{"name":"wp","href":"https:\/\/api.w.org\/{rel}","templated":true}]}}