{"id":780,"date":"2005-08-15T17:39:37","date_gmt":"2005-08-15T16:39:37","guid":{"rendered":"http:\/\/heijbel.wordpress.com\/2005\/08\/15\/regissera-verkligheten"},"modified":"2005-08-15T17:39:37","modified_gmt":"2005-08-15T16:39:37","slug":"regissera-verkligheten","status":"publish","type":"post","link":"https:\/\/storytellers.se\/?p=780","title":{"rendered":"Regissera verkligheten"},"content":{"rendered":"<p>Jag har alltid h\u00e4vdat att verkligheten duger i Corporate Storytellingsammanhang. Att man ska h\u00e5lla sig till verkligheten och att man ska tala sanning. P\u00e5 kurser och seminarier och vid nya uppdrag dyker denna fr\u00e5ga alltid upp. Och det \u00e4r klart, visst kan man regissera verkligheten.<\/p>\n<p><!--more--><br \/>\nDet \u00e4r inte s\u00e4rskilt klokt att hitta p\u00e5 stories och scenarier eftersom verkligheten \u00e4nd\u00e5 finns d\u00e4r. Ja den \u00e4r till och med, som alla vet, ofta l\u00e5ngt b\u00e4ttre \u00e4n dikten och den beh\u00f6ver inte heller skrotas n\u00e4r f\u00f6retaget byter sp\u00e5r.<br \/>\nMan g\u00e5r d\u00e4rf\u00f6r som Corporate Storyteller ut och letar i verkligheten. Man vet vad man letar efter. Aff\u00e4rs- och kulturst\u00f6djancde ber\u00e4ttelser.<br \/>\nArbetar man digitalt, med kameran g\u00e5ende, s\u00e5 kan det ibland vara lite sv\u00e5rt att f\u00e5 personen att leverera en dramaturgiskt v\u00e4lpackad story rakt in i kameraminnet. D\u00e5 kan man hj\u00e4lpa till, repetera och uppmuntra f\u00f6r att f\u00e5 fram en fungerande story. Resten, f\u00f6rspelet om man s\u00e5 vill, klipper man bort.<br \/>\nMan regisserar verkligheten.<br \/>\nOfta handlar det om att l\u00e5ta traditionsb\u00e4raren, en kund eller en medarbetare, l\u00e4gga till bilder och ljud ber\u00e4ttade i ord. Hur s\u00e5g det ut? Var det p\u00e5 sommaren? Var ni inomhus? Kommer du ih\u00e5g vad du t\u00e4nkte. Minns du vad hon sa?<br \/>\nS\u00e5 sm\u00e5ningom har man karvat fram en sensmoral eller en k\u00e4rna som \u00e4r den egentliga storyn. Senare, n\u00e4r storyn lever i det vardagliga ber\u00e4ttandet, kan var och en spinna sina bilder kring det v\u00e4sentliga. Allts\u00e5 k\u00e4rnan som man vill f\u00f6rmedla.<br \/>\nMen f\u00f6r att locka fram ber\u00e4ttelsen speciellt inf\u00f6r kameran kan det var ett r\u00e4tt l\u00e5ngt regipass innan verkligheten kryper fram. Konkret och jordn\u00e4ra s\u00e5 ber\u00e4ttelsen f\u00e5r liv bortom teoretiska abstraktioner.<br \/>\nDet \u00e4r d\u00e5 man som Corporate Storyteller regisserar verkligheten.<\/p>\n","protected":false},"excerpt":{"rendered":"<p>Jag har alltid h\u00e4vdat att verkligheten duger i Corporate Storytellingsammanhang. Att man ska h\u00e5lla sig till verkligheten och att man ska tala sanning. P\u00e5 kurser och seminarier och vid nya uppdrag dyker denna fr\u00e5ga alltid upp. Och det \u00e4r klart, visst kan man regissera verkligheten.<\/p>\n","protected":false},"author":2,"featured_media":0,"comment_status":"open","ping_status":"closed","sticky":false,"template":"","format":"standard","meta":[],"categories":[2],"tags":[],"_links":{"self":[{"href":"https:\/\/storytellers.se\/index.php?rest_route=\/wp\/v2\/posts\/780"}],"collection":[{"href":"https:\/\/storytellers.se\/index.php?rest_route=\/wp\/v2\/posts"}],"about":[{"href":"https:\/\/storytellers.se\/index.php?rest_route=\/wp\/v2\/types\/post"}],"author":[{"embeddable":true,"href":"https:\/\/storytellers.se\/index.php?rest_route=\/wp\/v2\/users\/2"}],"replies":[{"embeddable":true,"href":"https:\/\/storytellers.se\/index.php?rest_route=%2Fwp%2Fv2%2Fcomments&post=780"}],"version-history":[{"count":0,"href":"https:\/\/storytellers.se\/index.php?rest_route=\/wp\/v2\/posts\/780\/revisions"}],"wp:attachment":[{"href":"https:\/\/storytellers.se\/index.php?rest_route=%2Fwp%2Fv2%2Fmedia&parent=780"}],"wp:term":[{"taxonomy":"category","embeddable":true,"href":"https:\/\/storytellers.se\/index.php?rest_route=%2Fwp%2Fv2%2Fcategories&post=780"},{"taxonomy":"post_tag","embeddable":true,"href":"https:\/\/storytellers.se\/index.php?rest_route=%2Fwp%2Fv2%2Ftags&post=780"}],"curies":[{"name":"wp","href":"https:\/\/api.w.org\/{rel}","templated":true}]}}