{"id":778,"date":"2005-08-10T13:17:51","date_gmt":"2005-08-10T12:17:51","guid":{"rendered":"http:\/\/heijbel.wordpress.com\/2005\/08\/10\/fran-vd-till-vb"},"modified":"2005-08-10T13:17:51","modified_gmt":"2005-08-10T12:17:51","slug":"fran-vd-till-vb","status":"publish","type":"post","link":"https:\/\/storytellers.se\/?p=778","title":{"rendered":"Fr\u00e5n VD till VB"},"content":{"rendered":"<p>Jag l\u00e4ste nyligen om en internationell bank som hade m\u00e4rkt att deras mest framg\u00e5ngsrika chefer ocks\u00e5 var de b\u00e4sta ber\u00e4ttarna. De var ledare som hade f\u00f6rm\u00e5gan att initiera f\u00f6r\u00e4ndringst\u00e4nkande och perspektiv med hj\u00e4lp av sanna ber\u00e4ttelser fr\u00e5n organisationen. Det \u00e4r kanske d\u00e4rf\u00f6r dags att g\u00e5 fr\u00e5n tanken p\u00e5 en verkst\u00e4llande direkt\u00f6r, VD, till en verkst\u00e4llande ber\u00e4ttare, VB :+)<\/p>\n<p><!--more--><br \/>\nLedarna har ju ett uppdrag att leda och inspirera gruppen, teamet eller organisationen s\u00e5 att man tillsammans \u00e5stadkommer resultat. Ledarna ska i sin roll representera v\u00e4rderingar och visa exempel som b\u00e4ddar f\u00f6r framg\u00e5ngar p\u00e5 marknaden.<br \/>\nAtt rekrytera ledare som \u00e4r goda ber\u00e4ttare \u00e4r d\u00e4rf\u00f6r f\u00f6rst\u00e5s alltid viktigt. Allts\u00e5 m\u00e4nniskor som inte bara har yrkeskompetensen i sig, utan ocks\u00e5 merv\u00e4rdet som ligger i insikten och f\u00f6rm\u00e5gan att identifiera och \u00e5terge en b\u00e4rande ber\u00e4ttelse.<br \/>\nJag har sj\u00e4lv m\u00f6tt m\u00e5nga s\u00e5na ledare. Avsp\u00e4nda socialt kompetenta och med insikten att det vi p\u00e5 storytellers kallar Corporate Storytelling kan g\u00f6ra skillnad.<br \/>\nMan kan d\u00e4rf\u00f6r ocks\u00e5 mycket v\u00e4l tr\u00e4na de ledningsgrupper som redan finns, i konsten att finna, sk\u00f6rda, f\u00f6rpacka och framf\u00f6ra organisationens ber\u00e4ttelser.<br \/>\nDe n\u00e4rmaste \u00e5ren kommer detta att bli en sj\u00e4lvklarhet f\u00f6r de flesta. Vi ser \u00e4n s\u00e5 l\u00e4nge bara b\u00f6rjan. M\u00e5l, vision, v\u00e4rderingar kompletteras snart med insikten att de viktigaste ber\u00e4ttelserna \u00e4r nog s\u00e5 viktiga pusselbitar i framg\u00e5ngen. Fr\u00e5n VD till VB allts\u00e5.<\/p>\n","protected":false},"excerpt":{"rendered":"<p>Jag l\u00e4ste nyligen om en internationell bank som hade m\u00e4rkt att deras mest framg\u00e5ngsrika chefer ocks\u00e5 var de b\u00e4sta ber\u00e4ttarna. De var ledare som hade f\u00f6rm\u00e5gan att initiera f\u00f6r\u00e4ndringst\u00e4nkande och perspektiv med hj\u00e4lp av sanna ber\u00e4ttelser fr\u00e5n organisationen. Det \u00e4r kanske d\u00e4rf\u00f6r dags att g\u00e5 fr\u00e5n tanken p\u00e5 en verkst\u00e4llande direkt\u00f6r, VD, till en verkst\u00e4llande&#8230;<\/p>\n","protected":false},"author":2,"featured_media":0,"comment_status":"open","ping_status":"closed","sticky":false,"template":"","format":"standard","meta":[],"categories":[2],"tags":[],"_links":{"self":[{"href":"https:\/\/storytellers.se\/index.php?rest_route=\/wp\/v2\/posts\/778"}],"collection":[{"href":"https:\/\/storytellers.se\/index.php?rest_route=\/wp\/v2\/posts"}],"about":[{"href":"https:\/\/storytellers.se\/index.php?rest_route=\/wp\/v2\/types\/post"}],"author":[{"embeddable":true,"href":"https:\/\/storytellers.se\/index.php?rest_route=\/wp\/v2\/users\/2"}],"replies":[{"embeddable":true,"href":"https:\/\/storytellers.se\/index.php?rest_route=%2Fwp%2Fv2%2Fcomments&post=778"}],"version-history":[{"count":0,"href":"https:\/\/storytellers.se\/index.php?rest_route=\/wp\/v2\/posts\/778\/revisions"}],"wp:attachment":[{"href":"https:\/\/storytellers.se\/index.php?rest_route=%2Fwp%2Fv2%2Fmedia&parent=778"}],"wp:term":[{"taxonomy":"category","embeddable":true,"href":"https:\/\/storytellers.se\/index.php?rest_route=%2Fwp%2Fv2%2Fcategories&post=778"},{"taxonomy":"post_tag","embeddable":true,"href":"https:\/\/storytellers.se\/index.php?rest_route=%2Fwp%2Fv2%2Ftags&post=778"}],"curies":[{"name":"wp","href":"https:\/\/api.w.org\/{rel}","templated":true}]}}